{"id":16576,"date":"2025-07-30T07:00:56","date_gmt":"2025-07-30T05:00:56","guid":{"rendered":"https:\/\/www.maria-koenigin.de\/?p=16576"},"modified":"2025-07-18T13:20:40","modified_gmt":"2025-07-18T11:20:40","slug":"der-tag-fuer-servir-in-den-klassen-5-bis-7","status":"publish","type":"post","link":"https:\/\/www.maria-koenigin.de\/?p=16576","title":{"rendered":"Der &#8222;Tag f\u00fcr Servir&#8220; in den Klassen 5 bis 7"},"content":{"rendered":"<p style=\"text-align: justify;\"><img loading=\"lazy\" decoding=\"async\" class=\"alignright wp-image-16552 size-full\" src=\"http:\/\/www.maria-koenigin.de\/wordpress\/wp-content\/uploads\/2025\/07\/MK-2025_07_09-Tag-fuer-Servir-1606kl.jpg\" alt=\"\" width=\"640\" height=\"427\" srcset=\"https:\/\/www.maria-koenigin.de\/wordpress\/wp-content\/uploads\/2025\/07\/MK-2025_07_09-Tag-fuer-Servir-1606kl.jpg 640w, https:\/\/www.maria-koenigin.de\/wordpress\/wp-content\/uploads\/2025\/07\/MK-2025_07_09-Tag-fuer-Servir-1606kl-300x200.jpg 300w, https:\/\/www.maria-koenigin.de\/wordpress\/wp-content\/uploads\/2025\/07\/MK-2025_07_09-Tag-fuer-Servir-1606kl-624x416.jpg 624w\" sizes=\"auto, (max-width: 640px) 100vw, 640px\" \/>Die Sch\u00fclerinnen und Sch\u00fcler erwartete am Ende des Schuljahres ein kunterbunter, erlebnisreicher \u201eTag f\u00fcr Servir\u201c in der Schule, der mit einer gro\u00dfen \u00dcberraschung f\u00fcr die Besucher aus Kenia, Pater Kevin und die beiden Sisters, sowie Pater Maier von der Missionsgemeinschaft der Heiligen Familie, gekr\u00f6nt werden sollte.<\/p>\n<p style=\"text-align: justify;\"><img loading=\"lazy\" decoding=\"async\" class=\"alignright wp-image-16554 size-full\" src=\"http:\/\/www.maria-koenigin.de\/wordpress\/wp-content\/uploads\/2025\/07\/MK-2025_07_09-Tag-fuer-Servir-1813kl.jpg\" alt=\"\" width=\"640\" height=\"427\" srcset=\"https:\/\/www.maria-koenigin.de\/wordpress\/wp-content\/uploads\/2025\/07\/MK-2025_07_09-Tag-fuer-Servir-1813kl.jpg 640w, https:\/\/www.maria-koenigin.de\/wordpress\/wp-content\/uploads\/2025\/07\/MK-2025_07_09-Tag-fuer-Servir-1813kl-300x200.jpg 300w, https:\/\/www.maria-koenigin.de\/wordpress\/wp-content\/uploads\/2025\/07\/MK-2025_07_09-Tag-fuer-Servir-1813kl-624x416.jpg 624w\" sizes=\"auto, (max-width: 640px) 100vw, 640px\" \/>Die Klassen, begleitet durch ihre Klassenlehrer, besch\u00e4ftigten sich je nach Altersstufe in verschiedene Workshops, vorbereitet und betreut durch Lehrer, mit Themen, die sich mit Servir, der Kultur und dem Leben in Kenia und dem Bereich Umweltschutz auseinandersetzten.<!--more--> Begleitet wurde dieser besondere Tag durch einen Besuch von zwei Sisters aus dem Orden der Sisters auf Mary Immaculate\u00a0 aus Kenia, die bereits seit Montag einzelnen Jahrgangsstufen von ihrem Alltag und Wirken in Pudamilia berichtet hatten.<\/p>\n<p style=\"text-align: justify;\"><img loading=\"lazy\" decoding=\"async\" class=\"alignright wp-image-16577 size-large\" src=\"http:\/\/www.maria-koenigin.de\/wordpress\/wp-content\/uploads\/2025\/07\/700522d6-45b1-4ab5-9c9b-8ddf416d7b11-1024x768.jpeg\" alt=\"\" width=\"625\" height=\"469\" srcset=\"https:\/\/www.maria-koenigin.de\/wordpress\/wp-content\/uploads\/2025\/07\/700522d6-45b1-4ab5-9c9b-8ddf416d7b11-1024x768.jpeg 1024w, https:\/\/www.maria-koenigin.de\/wordpress\/wp-content\/uploads\/2025\/07\/700522d6-45b1-4ab5-9c9b-8ddf416d7b11-300x225.jpeg 300w, https:\/\/www.maria-koenigin.de\/wordpress\/wp-content\/uploads\/2025\/07\/700522d6-45b1-4ab5-9c9b-8ddf416d7b11-768x576.jpeg 768w, https:\/\/www.maria-koenigin.de\/wordpress\/wp-content\/uploads\/2025\/07\/700522d6-45b1-4ab5-9c9b-8ddf416d7b11-1536x1152.jpeg 1536w, https:\/\/www.maria-koenigin.de\/wordpress\/wp-content\/uploads\/2025\/07\/700522d6-45b1-4ab5-9c9b-8ddf416d7b11-624x468.jpeg 624w, https:\/\/www.maria-koenigin.de\/wordpress\/wp-content\/uploads\/2025\/07\/700522d6-45b1-4ab5-9c9b-8ddf416d7b11.jpeg 1600w\" sizes=\"auto, (max-width: 625px) 100vw, 625px\" \/><img loading=\"lazy\" decoding=\"async\" class=\"alignright wp-image-16579 size-full\" src=\"http:\/\/www.maria-koenigin.de\/wordpress\/wp-content\/uploads\/2025\/07\/TagServir6.jpg\" alt=\"\" width=\"640\" height=\"360\" srcset=\"https:\/\/www.maria-koenigin.de\/wordpress\/wp-content\/uploads\/2025\/07\/TagServir6.jpg 640w, https:\/\/www.maria-koenigin.de\/wordpress\/wp-content\/uploads\/2025\/07\/TagServir6-300x169.jpg 300w, https:\/\/www.maria-koenigin.de\/wordpress\/wp-content\/uploads\/2025\/07\/TagServir6-624x351.jpg 624w\" sizes=\"auto, (max-width: 640px) 100vw, 640px\" \/>Die Klassen 5 haben in der Turnhalle kenianische T\u00e4nze kennengelernt und dazu die Musik selbst getrommelt. \u201eDie Tanzschritte waren ganz sch\u00f6n kompliziert\u201c, so eine F\u00fcnftkl\u00e4sslerin, \u201eAber es hat viel Spa\u00df gemacht und die Sisters waren ganz begeistert, als sie uns zugeschaut haben!\u201c Nach dem flei\u00dfigen \u00dcben gab es n\u00e4mlich eine Vorf\u00fchrung f\u00fcr die Sisters. Im Anschluss hatten die Klassen Gelegenheit sich durch intensive Gespr\u00e4che mit den Sisters einen Eindruck vom dem Leben in der Bischof Morrow Grundschule in Pundamilia zu holen.<\/p>\n<p style=\"text-align: justify;\"><img loading=\"lazy\" decoding=\"async\" class=\"alignright wp-image-16580 size-full\" src=\"http:\/\/www.maria-koenigin.de\/wordpress\/wp-content\/uploads\/2025\/07\/TagServir3.jpg\" alt=\"\" width=\"640\" height=\"853\" srcset=\"https:\/\/www.maria-koenigin.de\/wordpress\/wp-content\/uploads\/2025\/07\/TagServir3.jpg 640w, https:\/\/www.maria-koenigin.de\/wordpress\/wp-content\/uploads\/2025\/07\/TagServir3-225x300.jpg 225w, https:\/\/www.maria-koenigin.de\/wordpress\/wp-content\/uploads\/2025\/07\/TagServir3-624x832.jpg 624w\" sizes=\"auto, (max-width: 640px) 100vw, 640px\" \/>Kunterbunt wurde es f\u00fcr die Klassen 6, die sich in einem Kunst-Workshop mit der \u201ePunkte-Malerei\u201c auseinandergesetzt haben und bunte Bilder durch diese Tupftechnik angefertigt haben. Dies geschah in Anlehnung an die traditionellen, farben- und formintensiven T\u00fccher und Bekleidungen in Kenia.<\/p>\n<p style=\"text-align: justify;\"><img loading=\"lazy\" decoding=\"async\" class=\"alignright wp-image-16582 size-full\" src=\"http:\/\/www.maria-koenigin.de\/wordpress\/wp-content\/uploads\/2025\/07\/TagServir4.jpg\" alt=\"\" width=\"640\" height=\"853\" srcset=\"https:\/\/www.maria-koenigin.de\/wordpress\/wp-content\/uploads\/2025\/07\/TagServir4.jpg 640w, https:\/\/www.maria-koenigin.de\/wordpress\/wp-content\/uploads\/2025\/07\/TagServir4-225x300.jpg 225w, https:\/\/www.maria-koenigin.de\/wordpress\/wp-content\/uploads\/2025\/07\/TagServir4-624x832.jpg 624w\" sizes=\"auto, (max-width: 640px) 100vw, 640px\" \/>In einem Escape-Room- Workshop wurde dann das logische Denken st\u00e4rker gefordert beim R\u00e4tseln rund um den Servir e.V. und Alu und in der Alu-Scheune wurde von den Klassen auf Profiniveau Alu sortiert.<\/p>\n<p style=\"text-align: justify;\"><img loading=\"lazy\" decoding=\"async\" class=\"alignright wp-image-16581 size-full\" src=\"http:\/\/www.maria-koenigin.de\/wordpress\/wp-content\/uploads\/2025\/07\/TagServir2.jpg\" alt=\"\" width=\"640\" height=\"853\" srcset=\"https:\/\/www.maria-koenigin.de\/wordpress\/wp-content\/uploads\/2025\/07\/TagServir2.jpg 640w, https:\/\/www.maria-koenigin.de\/wordpress\/wp-content\/uploads\/2025\/07\/TagServir2-225x300.jpg 225w, https:\/\/www.maria-koenigin.de\/wordpress\/wp-content\/uploads\/2025\/07\/TagServir2-624x832.jpg 624w\" sizes=\"auto, (max-width: 640px) 100vw, 640px\" \/>Die 7ner Klassen haben im Austausch mit den Sisters viel \u00fcber deren Arbeit in Pudamilia erfahren und dar\u00fcber hinaus sich mit dem Land\/Staat Kenia auseinandergesetzt. Neben der Herausforderung einen Escape-Room zu l\u00f6sen und dem Kennenlernen und Ausprobieren verschiedener kenianischer Spiele, haben sich die Sch\u00fclerinnen und Sch\u00fcler den Film \u201eSoul Boy\u201c angeschaut. Dieser Film gibt einen deutliche Einblick in das schwierige Leben afrikanischer Jugendlichen, die in den Armenvierteln Kenias aufwachsen. Dieser Film entstand in einem Workshop in Nairobis Armenvierteln, den europ\u00e4ische Filmemacher dort den Heranwachsenden regelm\u00e4\u00dfig anbieten \u2013 das Drehbuch zeichnet intensiv die Lebenswirklichkeit nach.<\/p>\n<p>Simone Reuter<\/p>\n<p><img loading=\"lazy\" decoding=\"async\" class=\"alignright wp-image-16583 size-full\" src=\"http:\/\/www.maria-koenigin.de\/wordpress\/wp-content\/uploads\/2025\/07\/TagServir1.jpg\" alt=\"\" width=\"640\" height=\"853\" srcset=\"https:\/\/www.maria-koenigin.de\/wordpress\/wp-content\/uploads\/2025\/07\/TagServir1.jpg 640w, https:\/\/www.maria-koenigin.de\/wordpress\/wp-content\/uploads\/2025\/07\/TagServir1-225x300.jpg 225w, https:\/\/www.maria-koenigin.de\/wordpress\/wp-content\/uploads\/2025\/07\/TagServir1-624x832.jpg 624w\" sizes=\"auto, (max-width: 640px) 100vw, 640px\" \/><\/p>\n","protected":false},"excerpt":{"rendered":"<p>Die Sch\u00fclerinnen und Sch\u00fcler erwartete am Ende des Schuljahres ein kunterbunter, erlebnisreicher \u201eTag f\u00fcr Servir\u201c in der Schule, der mit einer gro\u00dfen \u00dcberraschung f\u00fcr die Besucher aus Kenia, Pater Kevin und die beiden Sisters, sowie Pater Maier von der Missionsgemeinschaft der Heiligen Familie, gekr\u00f6nt werden sollte. Die Klassen, begleitet durch ihre Klassenlehrer, besch\u00e4ftigten sich je [&hellip;]<\/p>\n","protected":false},"author":7,"featured_media":0,"comment_status":"closed","ping_status":"closed","sticky":false,"template":"","format":"standard","meta":{"ngg_post_thumbnail":0,"footnotes":""},"categories":[4],"tags":[],"class_list":["post-16576","post","type-post","status-publish","format-standard","hentry","category-aktuelles"],"_links":{"self":[{"href":"https:\/\/www.maria-koenigin.de\/index.php?rest_route=\/wp\/v2\/posts\/16576","targetHints":{"allow":["GET"]}}],"collection":[{"href":"https:\/\/www.maria-koenigin.de\/index.php?rest_route=\/wp\/v2\/posts"}],"about":[{"href":"https:\/\/www.maria-koenigin.de\/index.php?rest_route=\/wp\/v2\/types\/post"}],"author":[{"embeddable":true,"href":"https:\/\/www.maria-koenigin.de\/index.php?rest_route=\/wp\/v2\/users\/7"}],"replies":[{"embeddable":true,"href":"https:\/\/www.maria-koenigin.de\/index.php?rest_route=%2Fwp%2Fv2%2Fcomments&post=16576"}],"version-history":[{"count":3,"href":"https:\/\/www.maria-koenigin.de\/index.php?rest_route=\/wp\/v2\/posts\/16576\/revisions"}],"predecessor-version":[{"id":16586,"href":"https:\/\/www.maria-koenigin.de\/index.php?rest_route=\/wp\/v2\/posts\/16576\/revisions\/16586"}],"wp:attachment":[{"href":"https:\/\/www.maria-koenigin.de\/index.php?rest_route=%2Fwp%2Fv2%2Fmedia&parent=16576"}],"wp:term":[{"taxonomy":"category","embeddable":true,"href":"https:\/\/www.maria-koenigin.de\/index.php?rest_route=%2Fwp%2Fv2%2Fcategories&post=16576"},{"taxonomy":"post_tag","embeddable":true,"href":"https:\/\/www.maria-koenigin.de\/index.php?rest_route=%2Fwp%2Fv2%2Ftags&post=16576"}],"curies":[{"name":"wp","href":"https:\/\/api.w.org\/{rel}","templated":true}]}}