{"id":16628,"date":"2025-08-04T17:41:53","date_gmt":"2025-08-04T15:41:53","guid":{"rendered":"https:\/\/www.maria-koenigin.de\/?p=16628"},"modified":"2025-08-04T17:41:53","modified_gmt":"2025-08-04T15:41:53","slug":"der-tag-fuer-servir-von-8-bis-ef","status":"publish","type":"post","link":"https:\/\/www.maria-koenigin.de\/?p=16628","title":{"rendered":"Der &#8222;Tag f\u00fcr Servir&#8220; von 8 bis EF"},"content":{"rendered":"<p style=\"text-align: justify;\"><img loading=\"lazy\" decoding=\"async\" class=\"alignright wp-image-16629 size-full\" src=\"http:\/\/www.maria-koenigin.de\/wordpress\/wp-content\/uploads\/2025\/08\/Servir84kl.jpg\" alt=\"\" width=\"640\" height=\"427\" srcset=\"https:\/\/www.maria-koenigin.de\/wordpress\/wp-content\/uploads\/2025\/08\/Servir84kl.jpg 640w, https:\/\/www.maria-koenigin.de\/wordpress\/wp-content\/uploads\/2025\/08\/Servir84kl-300x200.jpg 300w, https:\/\/www.maria-koenigin.de\/wordpress\/wp-content\/uploads\/2025\/08\/Servir84kl-624x416.jpg 624w\" sizes=\"auto, (max-width: 640px) 100vw, 640px\" \/>Auch f\u00fcr die \u00e4lteren Jahrgangsstufen bot der \u201eTag f\u00fcr Servir\u201c am Ende des Schuljahres ein abwechslungsreiches Angebot. Wir berichten \u00fcber die einzelnen Aktivit\u00e4ten der Klassen 8 bis zur EF.<\/p>\n<p style=\"text-align: justify;\"><img loading=\"lazy\" decoding=\"async\" class=\"alignright wp-image-16630 size-full\" src=\"http:\/\/www.maria-koenigin.de\/wordpress\/wp-content\/uploads\/2025\/08\/Servir81kl.jpg\" alt=\"\" width=\"640\" height=\"853\" srcset=\"https:\/\/www.maria-koenigin.de\/wordpress\/wp-content\/uploads\/2025\/08\/Servir81kl.jpg 640w, https:\/\/www.maria-koenigin.de\/wordpress\/wp-content\/uploads\/2025\/08\/Servir81kl-225x300.jpg 225w, https:\/\/www.maria-koenigin.de\/wordpress\/wp-content\/uploads\/2025\/08\/Servir81kl-624x832.jpg 624w\" sizes=\"auto, (max-width: 640px) 100vw, 640px\" \/><!--more-->Spannend wurde es f\u00fcr die Klassen 8 bei einem online Escape-Room-Game \u201eDie letzte Chance\u201c. Die Sch\u00fclerinnen und Sch\u00fcler konnten erfinderisch werden beim Upcyling, indem dort aus alten T-Shirts durch eine Knotentechnik Taschen und Beutel hergestellt wurden. Au\u00dferdem haben die Sch\u00fclerinnen und Sch\u00fcler T-Shirts mithilfe einer speziellen Spr\u00fchfarbe und verschiedenen Schablonen mit Blumenmustern, Buchstaben, Puzzleteilen designt oder sie haben mithilfe von Kreppband ganz eigene, tolle Design-Idee realisiert. In einem weiteren Workshop hat sich diese Jahrgangsstufe mit dem Thema \u201eFair trade\u201c auseinandergesetzt mit besonderem Fokus auf die Bekleidungsindustrie.<\/p>\n<p style=\"text-align: justify;\"><img loading=\"lazy\" decoding=\"async\" class=\"alignright wp-image-16631 size-full\" src=\"http:\/\/www.maria-koenigin.de\/wordpress\/wp-content\/uploads\/2025\/08\/Servir85kl.jpg\" alt=\"\" width=\"640\" height=\"427\" srcset=\"https:\/\/www.maria-koenigin.de\/wordpress\/wp-content\/uploads\/2025\/08\/Servir85kl.jpg 640w, https:\/\/www.maria-koenigin.de\/wordpress\/wp-content\/uploads\/2025\/08\/Servir85kl-300x200.jpg 300w, https:\/\/www.maria-koenigin.de\/wordpress\/wp-content\/uploads\/2025\/08\/Servir85kl-624x416.jpg 624w\" sizes=\"auto, (max-width: 640px) 100vw, 640px\" \/>Die Sch\u00fclerinnen und Sch\u00fcler der 9. Klasse erlebten ein buntes Potpourri aus dem Kennenlernen der kenianischen K\u00fcchen und der dazugeh\u00f6rigen Warenkunde wie typischen Gew\u00fcrzen und beliebten Zutaten. sowie dem Bauen von Bambus-H\u00e4usern und von Arbeiten auf der Obstwiese.<\/p>\n<p style=\"text-align: justify;\"><img loading=\"lazy\" decoding=\"async\" class=\"alignright wp-image-16632 size-full\" src=\"http:\/\/www.maria-koenigin.de\/wordpress\/wp-content\/uploads\/2025\/08\/Servir86kl.jpg\" alt=\"\" width=\"640\" height=\"427\" srcset=\"https:\/\/www.maria-koenigin.de\/wordpress\/wp-content\/uploads\/2025\/08\/Servir86kl.jpg 640w, https:\/\/www.maria-koenigin.de\/wordpress\/wp-content\/uploads\/2025\/08\/Servir86kl-300x200.jpg 300w, https:\/\/www.maria-koenigin.de\/wordpress\/wp-content\/uploads\/2025\/08\/Servir86kl-624x416.jpg 624w\" sizes=\"auto, (max-width: 640px) 100vw, 640px\" \/>Hier wurden die Obstb\u00e4ume freigeschnitten und gro\u00dfe Mengen Ginster entfernt. , Dazu informierte Pater Maier, vom Orden der Heiligen Familie, die Sch\u00fclerinnen und Sch\u00fcler \u00fcber seine Missionsarbeit in Brasilien und Papua-Neuguinea<\/p>\n<p style=\"text-align: justify;\"><img loading=\"lazy\" decoding=\"async\" class=\"alignright wp-image-16633 size-full\" src=\"http:\/\/www.maria-koenigin.de\/wordpress\/wp-content\/uploads\/2025\/08\/Servir89kl.jpg\" alt=\"\" width=\"640\" height=\"427\" srcset=\"https:\/\/www.maria-koenigin.de\/wordpress\/wp-content\/uploads\/2025\/08\/Servir89kl.jpg 640w, https:\/\/www.maria-koenigin.de\/wordpress\/wp-content\/uploads\/2025\/08\/Servir89kl-300x200.jpg 300w, https:\/\/www.maria-koenigin.de\/wordpress\/wp-content\/uploads\/2025\/08\/Servir89kl-624x416.jpg 624w\" sizes=\"auto, (max-width: 640px) 100vw, 640px\" \/>Die Klassen 9 wurden au\u00dferdem von Herrn Dolle \u00fcber die Arbeit der Aktion \u201eWarenkorb Altenhundem\u201c informiert. N\u00e4here Infos dazu finden sich unter <a href=\"https:\/\/www.kirche-in-lennestadt.de\/wirsindfuersieda\/warenkorb\/\">https:\/\/www.kirche-in-lennestadt.de\/wirsindfuersieda\/warenkorb\/<\/a>). Der Warenkorb Altenhundem bietet einmal im Monat hilfsbed\u00fcrftigen Menschen im Raum Lennestadt die M\u00f6glichkeit, kostenlos Lebensmittel und Drogerieartikel zu bekommen.\u00a0Kreativ wurden die Jugendlichen beim Dreh von Videos f\u00fcr die Servir-Homepage \u00fcber die verschiedenen Aktionsbereiche wie Kaffee, die Alu-Scheune und die Obstwiese.<\/p>\n<p style=\"text-align: justify;\"><img loading=\"lazy\" decoding=\"async\" class=\"alignright wp-image-16634 size-full\" src=\"http:\/\/www.maria-koenigin.de\/wordpress\/wp-content\/uploads\/2025\/08\/Servir87kl.jpg\" alt=\"\" width=\"640\" height=\"427\" srcset=\"https:\/\/www.maria-koenigin.de\/wordpress\/wp-content\/uploads\/2025\/08\/Servir87kl.jpg 640w, https:\/\/www.maria-koenigin.de\/wordpress\/wp-content\/uploads\/2025\/08\/Servir87kl-300x200.jpg 300w, https:\/\/www.maria-koenigin.de\/wordpress\/wp-content\/uploads\/2025\/08\/Servir87kl-624x416.jpg 624w\" sizes=\"auto, (max-width: 640px) 100vw, 640px\" \/>Die EF lauschte zun\u00e4chst einem Vortrag von Herrn Langen von der Kaffeer\u00f6sterei in Medebach (https:\/\/www.langen-kaffee.de\/). Von Herrn Langen beziehen wir den Kaffee f\u00fcr den Servir-Kaffeeverkauf. Der Kaffeeexperte hat die Sch\u00fclerinnen und Sch\u00fcler \u00fcber Kaffeesorten und -anbau in Honduras, Brasilien und Tansania und R\u00f6sterei-Verfahren informiert. Neben der sehr guten Rohkaffeequalit\u00e4t ist ihm der direkte Handel zu fairen Preisen mit den lokalen Kaffeeerzeugern sehr wichtig und damit auch die Lebens- und Arbeitsbedingungen seiner Partner vor Ort. Es gibt Pl\u00e4ne f\u00fcr einen Austausch zwischen interessierten Sch\u00fclerinnen und Sch\u00fclern und einer jungen Kaffee-Kooperative, die sich gerade in Honduras gr\u00fcndet \u2013 \u00fcber einen engen Austausch w\u00fcrde sich sicher beide Seiten freuen.<\/p>\n<p style=\"text-align: justify;\"><img loading=\"lazy\" decoding=\"async\" class=\"alignright wp-image-16635 size-full\" src=\"http:\/\/www.maria-koenigin.de\/wordpress\/wp-content\/uploads\/2025\/08\/Servir83kl.jpg\" alt=\"\" width=\"640\" height=\"427\" srcset=\"https:\/\/www.maria-koenigin.de\/wordpress\/wp-content\/uploads\/2025\/08\/Servir83kl.jpg 640w, https:\/\/www.maria-koenigin.de\/wordpress\/wp-content\/uploads\/2025\/08\/Servir83kl-300x200.jpg 300w, https:\/\/www.maria-koenigin.de\/wordpress\/wp-content\/uploads\/2025\/08\/Servir83kl-624x416.jpg 624w\" sizes=\"auto, (max-width: 640px) 100vw, 640px\" \/>Anschlie\u00dfend gab es die M\u00f6glichkeit, in einem Barista-Kurs bei Raffaele Luliucci aus Schmallenberg den qualitativ hochwertigen, fair-gehandelt Kaffee k\u00f6stlich zuzubereiten. Raffaele Luliucci hatte 2018 die Deutsche Barista-Meisterschaft gewonnen und zeigte hier nun den Jugendlichen, wie ein perfekter Latte\u00a0Macchiato, Cappuccino oder Espresso gebr\u00fcht und gesch\u00e4umt wird. \u201eDas hat sehr viel Spa\u00df gemacht und man hat die Begeisterung von Raffaele jeden Moment gesp\u00fcrt\u201c, meinte eine teilnehmende Sch\u00fclerin.<\/p>\n<p style=\"text-align: justify;\"><img loading=\"lazy\" decoding=\"async\" class=\"alignright wp-image-16636 size-full\" src=\"http:\/\/www.maria-koenigin.de\/wordpress\/wp-content\/uploads\/2025\/08\/Servir88kl.jpg\" alt=\"\" width=\"640\" height=\"480\" srcset=\"https:\/\/www.maria-koenigin.de\/wordpress\/wp-content\/uploads\/2025\/08\/Servir88kl.jpg 640w, https:\/\/www.maria-koenigin.de\/wordpress\/wp-content\/uploads\/2025\/08\/Servir88kl-300x225.jpg 300w, https:\/\/www.maria-koenigin.de\/wordpress\/wp-content\/uploads\/2025\/08\/Servir88kl-624x468.jpg 624w\" sizes=\"auto, (max-width: 640px) 100vw, 640px\" \/>Die Jugendlichen der EF haben daneben die Zeit genutzt, um den Servir-Aktionsmonat im kommenden November f\u00fcr Papua-Neuguinea vorzubereiten. In kleinen Gruppen haben die Sch\u00fclerinnen und Sch\u00fcler Morgenimpulse f\u00fcr alle Klasse vorbereitet, indem sich u.a. allgemein mit der wirtschaftlichen und politischen Situationen des Landes auseinandergesetzt haben, aber auch konkret mit dem Vorhaben der Missionaren der Heiligen Familie ihre leider marode gewordene Schule in Muli (Papua-Neuguinea) zu renovieren und zu modernisieren. Die ganze Gemeinschaft in Muli hat bei der Sanierung und der Instandhaltung nun mitgeholfen. Der Schule fehlt es aber dar\u00fcber hinaus an Grundlegendem zur Einrichtung der Klassenr\u00e4ume wie z. B. Sitzb\u00e4nken und Tische. Pater Maier erz\u00e4hlt, dass die Sch\u00fclerinnen und Sch\u00fcler dort sehr gerne zur Schule kommen und daf\u00fcr lange Fu\u00dfwege in Kauf nehmen. Wenn es ihnen m\u00f6glich ist, versorgen die Missionare die Kinder mit warmen Mahlzeiten.<\/p>\n<p style=\"text-align: justify;\"><em>Simone Reuter<\/em><\/p>\n<p>&nbsp;<\/p>\n<p>&nbsp;<\/p>\n","protected":false},"excerpt":{"rendered":"<p>Auch f\u00fcr die \u00e4lteren Jahrgangsstufen bot der \u201eTag f\u00fcr Servir\u201c am Ende des Schuljahres ein abwechslungsreiches Angebot. Wir berichten \u00fcber die einzelnen Aktivit\u00e4ten der Klassen 8 bis zur EF.<\/p>\n","protected":false},"author":7,"featured_media":0,"comment_status":"closed","ping_status":"closed","sticky":false,"template":"","format":"standard","meta":{"ngg_post_thumbnail":0,"footnotes":""},"categories":[4],"tags":[],"class_list":["post-16628","post","type-post","status-publish","format-standard","hentry","category-aktuelles"],"_links":{"self":[{"href":"https:\/\/www.maria-koenigin.de\/index.php?rest_route=\/wp\/v2\/posts\/16628","targetHints":{"allow":["GET"]}}],"collection":[{"href":"https:\/\/www.maria-koenigin.de\/index.php?rest_route=\/wp\/v2\/posts"}],"about":[{"href":"https:\/\/www.maria-koenigin.de\/index.php?rest_route=\/wp\/v2\/types\/post"}],"author":[{"embeddable":true,"href":"https:\/\/www.maria-koenigin.de\/index.php?rest_route=\/wp\/v2\/users\/7"}],"replies":[{"embeddable":true,"href":"https:\/\/www.maria-koenigin.de\/index.php?rest_route=%2Fwp%2Fv2%2Fcomments&post=16628"}],"version-history":[{"count":1,"href":"https:\/\/www.maria-koenigin.de\/index.php?rest_route=\/wp\/v2\/posts\/16628\/revisions"}],"predecessor-version":[{"id":16637,"href":"https:\/\/www.maria-koenigin.de\/index.php?rest_route=\/wp\/v2\/posts\/16628\/revisions\/16637"}],"wp:attachment":[{"href":"https:\/\/www.maria-koenigin.de\/index.php?rest_route=%2Fwp%2Fv2%2Fmedia&parent=16628"}],"wp:term":[{"taxonomy":"category","embeddable":true,"href":"https:\/\/www.maria-koenigin.de\/index.php?rest_route=%2Fwp%2Fv2%2Fcategories&post=16628"},{"taxonomy":"post_tag","embeddable":true,"href":"https:\/\/www.maria-koenigin.de\/index.php?rest_route=%2Fwp%2Fv2%2Ftags&post=16628"}],"curies":[{"name":"wp","href":"https:\/\/api.w.org\/{rel}","templated":true}]}}