{"id":16649,"date":"2025-08-18T11:01:30","date_gmt":"2025-08-18T09:01:30","guid":{"rendered":"https:\/\/www.maria-koenigin.de\/?p=16649"},"modified":"2025-08-18T11:01:30","modified_gmt":"2025-08-18T09:01:30","slug":"danke-winni-verabschiedung-von-winfried-rettler","status":"publish","type":"post","link":"https:\/\/www.maria-koenigin.de\/?p=16649","title":{"rendered":"&#8222;Danke, Winni!&#8220; &#8211; Verabschiedung von Winfried Rettler"},"content":{"rendered":"<p style=\"text-align: justify;\"><img loading=\"lazy\" decoding=\"async\" class=\"alignright wp-image-16650 size-full\" src=\"http:\/\/www.maria-koenigin.de\/wordpress\/wp-content\/uploads\/2025\/08\/Winni-Abschied-1kl.jpg\" alt=\"\" width=\"640\" height=\"425\" srcset=\"https:\/\/www.maria-koenigin.de\/wordpress\/wp-content\/uploads\/2025\/08\/Winni-Abschied-1kl.jpg 640w, https:\/\/www.maria-koenigin.de\/wordpress\/wp-content\/uploads\/2025\/08\/Winni-Abschied-1kl-300x199.jpg 300w, https:\/\/www.maria-koenigin.de\/wordpress\/wp-content\/uploads\/2025\/08\/Winni-Abschied-1kl-624x414.jpg 624w\" sizes=\"auto, (max-width: 640px) 100vw, 640px\" \/>Wenn das neue Schuljahr beginnt, wird ein Kollege an unserer Schule fehlen. Zum Ende des letzten Schuljahres haben wir Winfried Rettler verabschiedet. Hannah Reuber berichtet von der Verabschiedung und sagt &#8222;Danke&#8220;.<\/p>\n<p style=\"text-align: justify;\">Nach 35 Jahren am Gymnasium Maria K\u00f6nigin verabschieden wir unseren gesch\u00e4tzten Kollegen Winfried Rettler in den wohlverdienten Ruhestand.\u00a0Seit 1990 hat er mit seinen F\u00e4chern Englisch und Katholische Religion Generationen von Sch\u00fclern gepr\u00e4gt. F\u00fcr viele war er nicht nur Fachmann f\u00fcr Grammatik und Shakespeare, sondern auch Begleiter im Nachdenken \u00fcber Glauben, Werte und das Leben. Religion und Englisch \u2013 zwei F\u00e4cher, die auf den ersten Blick wenig miteinander zu tun haben. Doch Herr Rettler hat gezeigt, dass man Himmel und Erde, \u201eirregular verbs\u201c und N\u00e4chstenliebe durchaus miteinander verbinden kann \u2013 immer mit Ruhe, Geduld und einem trockenen Humor.<!--more--><\/p>\n<p style=\"text-align: justify;\"><img loading=\"lazy\" decoding=\"async\" class=\"alignright wp-image-16651 size-full\" src=\"http:\/\/www.maria-koenigin.de\/wordpress\/wp-content\/uploads\/2025\/08\/Verabschiedung-Winni-2kl.jpg\" alt=\"\" width=\"640\" height=\"853\" srcset=\"https:\/\/www.maria-koenigin.de\/wordpress\/wp-content\/uploads\/2025\/08\/Verabschiedung-Winni-2kl.jpg 640w, https:\/\/www.maria-koenigin.de\/wordpress\/wp-content\/uploads\/2025\/08\/Verabschiedung-Winni-2kl-225x300.jpg 225w, https:\/\/www.maria-koenigin.de\/wordpress\/wp-content\/uploads\/2025\/08\/Verabschiedung-Winni-2kl-624x832.jpg 624w\" sizes=\"auto, (max-width: 640px) 100vw, 640px\" \/>Am letzten Schultag w\u00fcrdigten Schulleiter Fabian Borys und Peter Peil f\u00fcr den Lehrerrat sein langj\u00e4hriges Wirken. Neben dem Unterricht hat Herr Rettler das Schulleben in unz\u00e4hligen Bereichen gepr\u00e4gt: als langj\u00e4hriger Fachvorsitzender Religion, als Mitorganisator von Gottesdiensten und Einkehrtagen, im Arbeitskreis Thomas Morus, bei der Schulpastoral, beim Irlandaustausch und vor allem mit der Organisation der gro\u00dfen Schulwallfahrten, bei denen er stets Wegepl\u00e4ne von A bis Z in der Tasche hatte.<\/p>\n<p style=\"text-align: justify;\">Auch \u00fcber den Unterricht hinaus war er ein Kollege mit Haltung und Werten. Ob beim Lehrerfu\u00dfball oder im Lehrerzimmer \u2013 er war nie der Lauteste, aber immer einer, auf den Verlass war. Seine ruhige, \u00fcberlegte Art, kombiniert mit einem feinen Augenzwinkern, wird uns fehlen. Immer wieder \u00fcbernahm er dort Verantwortung, wo sie gebraucht wurde \u2013 sei es durch die spontane \u00dcbernahme eines Englisch-Leistungskurses oder durch die Gastfreundschaft, mit der er irischen Austauschlehrern kurzerhand ein Dach \u00fcber dem Kopf bot.<\/p>\n<p style=\"text-align: justify;\"><img loading=\"lazy\" decoding=\"async\" class=\"alignright wp-image-16652 size-full\" src=\"http:\/\/www.maria-koenigin.de\/wordpress\/wp-content\/uploads\/2025\/08\/Winni-Abschied-3kl.jpg\" alt=\"\" width=\"640\" height=\"812\" srcset=\"https:\/\/www.maria-koenigin.de\/wordpress\/wp-content\/uploads\/2025\/08\/Winni-Abschied-3kl.jpg 640w, https:\/\/www.maria-koenigin.de\/wordpress\/wp-content\/uploads\/2025\/08\/Winni-Abschied-3kl-236x300.jpg 236w, https:\/\/www.maria-koenigin.de\/wordpress\/wp-content\/uploads\/2025\/08\/Winni-Abschied-3kl-624x792.jpg 624w\" sizes=\"auto, (max-width: 640px) 100vw, 640px\" \/>Bereits beim Treppenfest hatten sich die Fachschaften von ihm verabschiedet. Ein besonderes Highlight waren die musikalischen Beitr\u00e4ge seiner Religionsfachschaft: gleich vier selbstgedichtete Lieder auf bekannte Melodien. Neben einem \u201eTaiz\u00e9-Halleluja\u201c, \u201eMy Way\u201c und \u201eMein kleiner gr\u00fcner Kaktus\u201c erklang auch ein Lied nach der Melodie von \u201eIm Wagen vor mir\u201c.<\/p>\n<p style=\"text-align: justify;\">Dazu kamen zwei Geschenke mit besonderem Symbolcharakter: Die Religionsfachschaft \u00fcberreichte eine selbstgebaute Bank, gefertigt aus Brettern, die einst gemeinsam mit Sch\u00fclern zur Vorbereitung einer Wallfahrt hergestellt worden waren. Die Englischfachschaft packte ihm einen Reisekoffer, gef\u00fcllt mit n\u00fctzlichen und symbolischen Gegenst\u00e4nden, die ihn auf seinen Fahrten mit dem Wohnmobil begleiten und zugleich an seine Zeit an Maria K\u00f6nigin erinnern sollen.<\/p>\n<p style=\"text-align: justify;\">Lieber Winni, dein Abschied hinterl\u00e4sst bei uns eine gro\u00dfe L\u00fccke. Wir werden deine Art vermissen: das leicht sarkastische L\u00e4cheln im Flur, den Rucksack auf der Schulter, den Kaffee in der Hand \u2013 und deine Bereitschaft, da einzuspringen, wo du gebraucht wurdest.<\/p>\n<p style=\"text-align: justify;\"><img loading=\"lazy\" decoding=\"async\" class=\"alignright wp-image-16653 size-full\" src=\"http:\/\/www.maria-koenigin.de\/wordpress\/wp-content\/uploads\/2025\/08\/Winni-Abschied-4kl.jpg\" alt=\"\" width=\"640\" height=\"853\" srcset=\"https:\/\/www.maria-koenigin.de\/wordpress\/wp-content\/uploads\/2025\/08\/Winni-Abschied-4kl.jpg 640w, https:\/\/www.maria-koenigin.de\/wordpress\/wp-content\/uploads\/2025\/08\/Winni-Abschied-4kl-225x300.jpg 225w, https:\/\/www.maria-koenigin.de\/wordpress\/wp-content\/uploads\/2025\/08\/Winni-Abschied-4kl-624x832.jpg 624w\" sizes=\"auto, (max-width: 640px) 100vw, 640px\" \/>Jetzt beginnt f\u00fcr dich ein neuer Lebensabschnitt \u2013 eine \u201epers\u00f6nliche Wallfahrt\u201c, diesmal nicht mit Bussen und Fahrpl\u00e4nen, sondern mit deiner Familie, deinem Wohnmobil, den Enkelkindern und eurem Hund. Daf\u00fcr w\u00fcnschen wir dir von Herzen alles Gute, viele erf\u00fcllte Momente, Gesundheit und Gottes reichen Segen.<\/p>\n<p style=\"text-align: justify;\">Und vielleicht klingt dir beim Start in diesen neuen Weg noch die Zeile nach:<\/p>\n<p style=\"text-align: justify;\"><em>\u201eDein Fahrrad ist ge\u00f6lt f\u00fcr alle F\u00e4lle,<br \/>\ndie Skier packst du aus, da wo es schneit.<br \/>\nWir w\u00fcnschen dir im Ruhestand Gesundheit und viel Gl\u00fcck,<br \/>\nund wenn du willst, dann denk auch mal zur\u00fcck.\u201c<\/em><\/p>\n<p style=\"text-align: justify;\"><strong>Thank you, Winni!<\/strong><\/p>\n<p style=\"text-align: justify;\"><em>Hanna Reuber<\/em><\/p>\n","protected":false},"excerpt":{"rendered":"<p>Wenn das neue Schuljahr beginnt, wird ein Kollege an unserer Schule fehlen. Zum Ende des letzten Schuljahres haben wir Winfried Rettler verabschiedet. Hannah Reuber berichtet von der Verabschiedung und sagt &#8222;Danke&#8220;. Nach 35 Jahren am Gymnasium Maria K\u00f6nigin verabschieden wir unseren gesch\u00e4tzten Kollegen Winfried Rettler in den wohlverdienten Ruhestand.\u00a0Seit 1990 hat er mit seinen F\u00e4chern [&hellip;]<\/p>\n","protected":false},"author":7,"featured_media":0,"comment_status":"closed","ping_status":"closed","sticky":false,"template":"","format":"standard","meta":{"ngg_post_thumbnail":0,"footnotes":""},"categories":[4],"tags":[],"class_list":["post-16649","post","type-post","status-publish","format-standard","hentry","category-aktuelles"],"_links":{"self":[{"href":"https:\/\/www.maria-koenigin.de\/index.php?rest_route=\/wp\/v2\/posts\/16649","targetHints":{"allow":["GET"]}}],"collection":[{"href":"https:\/\/www.maria-koenigin.de\/index.php?rest_route=\/wp\/v2\/posts"}],"about":[{"href":"https:\/\/www.maria-koenigin.de\/index.php?rest_route=\/wp\/v2\/types\/post"}],"author":[{"embeddable":true,"href":"https:\/\/www.maria-koenigin.de\/index.php?rest_route=\/wp\/v2\/users\/7"}],"replies":[{"embeddable":true,"href":"https:\/\/www.maria-koenigin.de\/index.php?rest_route=%2Fwp%2Fv2%2Fcomments&post=16649"}],"version-history":[{"count":2,"href":"https:\/\/www.maria-koenigin.de\/index.php?rest_route=\/wp\/v2\/posts\/16649\/revisions"}],"predecessor-version":[{"id":16655,"href":"https:\/\/www.maria-koenigin.de\/index.php?rest_route=\/wp\/v2\/posts\/16649\/revisions\/16655"}],"wp:attachment":[{"href":"https:\/\/www.maria-koenigin.de\/index.php?rest_route=%2Fwp%2Fv2%2Fmedia&parent=16649"}],"wp:term":[{"taxonomy":"category","embeddable":true,"href":"https:\/\/www.maria-koenigin.de\/index.php?rest_route=%2Fwp%2Fv2%2Fcategories&post=16649"},{"taxonomy":"post_tag","embeddable":true,"href":"https:\/\/www.maria-koenigin.de\/index.php?rest_route=%2Fwp%2Fv2%2Ftags&post=16649"}],"curies":[{"name":"wp","href":"https:\/\/api.w.org\/{rel}","templated":true}]}}