{"id":16671,"date":"2025-08-24T12:22:09","date_gmt":"2025-08-24T10:22:09","guid":{"rendered":"https:\/\/www.maria-koenigin.de\/?p=16671"},"modified":"2025-08-26T20:21:59","modified_gmt":"2025-08-26T18:21:59","slug":"willkommen-zum-schuljahr-2025-2026","status":"publish","type":"post","link":"https:\/\/www.maria-koenigin.de\/?p=16671","title":{"rendered":"Willkommen zum Schuljahr 2025 \/ 2026"},"content":{"rendered":"<p style=\"text-align: justify;\"><img loading=\"lazy\" decoding=\"async\" class=\"alignright wp-image-16673 size-full\" src=\"http:\/\/www.maria-koenigin.de\/wordpress\/wp-content\/uploads\/2025\/08\/Ballons-vor-Kirchekl.jpg\" alt=\"\" width=\"640\" height=\"427\" srcset=\"https:\/\/www.maria-koenigin.de\/wordpress\/wp-content\/uploads\/2025\/08\/Ballons-vor-Kirchekl.jpg 640w, https:\/\/www.maria-koenigin.de\/wordpress\/wp-content\/uploads\/2025\/08\/Ballons-vor-Kirchekl-300x200.jpg 300w, https:\/\/www.maria-koenigin.de\/wordpress\/wp-content\/uploads\/2025\/08\/Ballons-vor-Kirchekl-624x416.jpg 624w\" sizes=\"auto, (max-width: 640px) 100vw, 640px\" \/>Am Mittwoch startet das neue Schuljahr 2025\/26 f\u00fcr \u00fcber 700 Sch\u00fclerinnen und Sch\u00fcler sowie Lehrende an unserem Gymnasium. Mit dem Blick zur\u00fcck auf sch\u00f6ne und sonnige Ferien freuen wir uns auf den Wiederbeginn und das Wiedersehen mit Freundinnen und Freunden. hier die wichtigsten Informationen: <!--more--><\/p>\n<p style=\"text-align: justify;\">In den ersten drei Stunden findet Unterricht bei den Klassenlehrerinnen und Klassenlehrern statt. Gemeinsam wollen wir in das Schuljahr einsteigen und wichtige organisatorische Dinge kl\u00e4ren.<\/p>\n<ul style=\"text-align: justify;\">\n<li>die Jahrgangsstufe EF trifft sich zur 1. Stunde im Konferenzsaal,<\/li>\n<li>die Jahrgangsstufe Q1 im Biologie-H\u00f6rsaal.<\/li>\n<\/ul>\n<p style=\"text-align: justify;\">Ab der 4. Stunde erfolgt dann Unterricht nach Stundenplan. Der Unterricht am Mittwoch endet nach der 6. Stunde um 13 Uhr.<\/p>\n<p style=\"text-align: justify;\">Besonders freuen wir uns, die \u00a0neuen Sch\u00fclerinnen und Sch\u00fcler der Jahrgangsstufe 5 begr\u00fc\u00dfen zu k\u00f6nnen. F\u00fcr sie beginnt der Tag um 9.30 Uhr mit einem Gottesdienst in der Kirche. Im Anschluss treffen sie sich mit den Klassenlehrern und f\u00fcr die Eltern schlie\u00dft sich eine Informationsveranstaltung an.<\/p>\n<p style=\"text-align: justify;\"><img loading=\"lazy\" decoding=\"async\" class=\"alignright wp-image-16672 size-full\" src=\"http:\/\/www.maria-koenigin.de\/wordpress\/wp-content\/uploads\/2025\/08\/Sonne-ueber-MK.jpg\" alt=\"\" width=\"640\" height=\"674\" srcset=\"https:\/\/www.maria-koenigin.de\/wordpress\/wp-content\/uploads\/2025\/08\/Sonne-ueber-MK.jpg 640w, https:\/\/www.maria-koenigin.de\/wordpress\/wp-content\/uploads\/2025\/08\/Sonne-ueber-MK-285x300.jpg 285w, https:\/\/www.maria-koenigin.de\/wordpress\/wp-content\/uploads\/2025\/08\/Sonne-ueber-MK-624x657.jpg 624w\" sizes=\"auto, (max-width: 640px) 100vw, 640px\" \/>Damit jeder seinen neuen Klassenraum am Mittwoch findet, gibt es hier die Auflistung:<\/p>\n<ul>\n<li>5a von Frau Lingemann: A 2.1<\/li>\n<li>5b von Herrn Linn: A 3.1<\/li>\n<li>5c von Frau Eisen: A 3.2<\/li>\n<li>6a von Frau Wirtz: A 4.1<\/li>\n<li>6b von Herrn Rettler: A 3.3<\/li>\n<li>6c von Herrn Eickhoff: A 3.4.<\/li>\n<li>7a: C 3.7<\/li>\n<li>7b: C 2.3<\/li>\n<li>7c: C 2.6<\/li>\n<li>8a: C 3.1<\/li>\n<li>8b: C 2.4<\/li>\n<li>8c: C 3.2<\/li>\n<li>9a: \u00a0C 2.1<\/li>\n<li>9b: \u00a0C 2.2<\/li>\n<li>9c: \u00a0C 2.5<\/li>\n<li>10a: C 3.4<\/li>\n<li>10b: C 3.3<\/li>\n<li>10c: C 3.6<\/li>\n<li>10d: C 3.5<\/li>\n<\/ul>\n","protected":false},"excerpt":{"rendered":"<p>Am Mittwoch startet das neue Schuljahr 2025\/26 f\u00fcr \u00fcber 700 Sch\u00fclerinnen und Sch\u00fcler sowie Lehrende an unserem Gymnasium. Mit dem Blick zur\u00fcck auf sch\u00f6ne und sonnige Ferien freuen wir uns auf den Wiederbeginn und das Wiedersehen mit Freundinnen und Freunden. hier die wichtigsten Informationen:<\/p>\n","protected":false},"author":7,"featured_media":0,"comment_status":"closed","ping_status":"closed","sticky":false,"template":"","format":"standard","meta":{"ngg_post_thumbnail":0,"footnotes":""},"categories":[4],"tags":[],"class_list":["post-16671","post","type-post","status-publish","format-standard","hentry","category-aktuelles"],"_links":{"self":[{"href":"https:\/\/www.maria-koenigin.de\/index.php?rest_route=\/wp\/v2\/posts\/16671","targetHints":{"allow":["GET"]}}],"collection":[{"href":"https:\/\/www.maria-koenigin.de\/index.php?rest_route=\/wp\/v2\/posts"}],"about":[{"href":"https:\/\/www.maria-koenigin.de\/index.php?rest_route=\/wp\/v2\/types\/post"}],"author":[{"embeddable":true,"href":"https:\/\/www.maria-koenigin.de\/index.php?rest_route=\/wp\/v2\/users\/7"}],"replies":[{"embeddable":true,"href":"https:\/\/www.maria-koenigin.de\/index.php?rest_route=%2Fwp%2Fv2%2Fcomments&post=16671"}],"version-history":[{"count":7,"href":"https:\/\/www.maria-koenigin.de\/index.php?rest_route=\/wp\/v2\/posts\/16671\/revisions"}],"predecessor-version":[{"id":16734,"href":"https:\/\/www.maria-koenigin.de\/index.php?rest_route=\/wp\/v2\/posts\/16671\/revisions\/16734"}],"wp:attachment":[{"href":"https:\/\/www.maria-koenigin.de\/index.php?rest_route=%2Fwp%2Fv2%2Fmedia&parent=16671"}],"wp:term":[{"taxonomy":"category","embeddable":true,"href":"https:\/\/www.maria-koenigin.de\/index.php?rest_route=%2Fwp%2Fv2%2Fcategories&post=16671"},{"taxonomy":"post_tag","embeddable":true,"href":"https:\/\/www.maria-koenigin.de\/index.php?rest_route=%2Fwp%2Fv2%2Ftags&post=16671"}],"curies":[{"name":"wp","href":"https:\/\/api.w.org\/{rel}","templated":true}]}}