{"id":16747,"date":"2025-08-28T18:57:05","date_gmt":"2025-08-28T16:57:05","guid":{"rendered":"https:\/\/www.maria-koenigin.de\/?p=16747"},"modified":"2025-08-28T18:57:05","modified_gmt":"2025-08-28T16:57:05","slug":"gut-behuetet-erster-schultag-der-neuen-fuenfer","status":"publish","type":"post","link":"https:\/\/www.maria-koenigin.de\/?p=16747","title":{"rendered":"&#8222;Gut beh\u00fctet&#8220; &#8211; Erster Schultag der neuen F\u00fcnfer"},"content":{"rendered":"<p style=\"text-align: justify;\"><img loading=\"lazy\" decoding=\"async\" class=\"alignright wp-image-16748 size-full\" src=\"http:\/\/www.maria-koenigin.de\/wordpress\/wp-content\/uploads\/2025\/08\/Einschulung1kl.jpg\" alt=\"\" width=\"640\" height=\"427\" srcset=\"https:\/\/www.maria-koenigin.de\/wordpress\/wp-content\/uploads\/2025\/08\/Einschulung1kl.jpg 640w, https:\/\/www.maria-koenigin.de\/wordpress\/wp-content\/uploads\/2025\/08\/Einschulung1kl-300x200.jpg 300w, https:\/\/www.maria-koenigin.de\/wordpress\/wp-content\/uploads\/2025\/08\/Einschulung1kl-624x416.jpg 624w\" sizes=\"auto, (max-width: 640px) 100vw, 640px\" \/>88 Sch\u00fclerinnen und Sch\u00fcler haben am Mittwoch ihren ersten Schultag an unserer Schule erlebt. Mit viel Vorfreude und in Begleitung von Eltern, teilweise auch Geschwistern und Gro\u00dfeltern, feierten sie zun\u00e4chst einen Gottesdienst, der von der Klasse 6c mit der Religionslehrerin Frau Schmidt vorbereitet worden war.<!--more--><\/p>\n<p style=\"text-align: justify;\"><img loading=\"lazy\" decoding=\"async\" class=\"alignright wp-image-16749 size-full\" src=\"http:\/\/www.maria-koenigin.de\/wordpress\/wp-content\/uploads\/2025\/08\/Einschulung2kl.jpg\" alt=\"\" width=\"640\" height=\"427\" srcset=\"https:\/\/www.maria-koenigin.de\/wordpress\/wp-content\/uploads\/2025\/08\/Einschulung2kl.jpg 640w, https:\/\/www.maria-koenigin.de\/wordpress\/wp-content\/uploads\/2025\/08\/Einschulung2kl-300x200.jpg 300w, https:\/\/www.maria-koenigin.de\/wordpress\/wp-content\/uploads\/2025\/08\/Einschulung2kl-624x416.jpg 624w\" sizes=\"auto, (max-width: 640px) 100vw, 640px\" \/>\u201eGut beh\u00fctet\u201c, nicht zuletzt von der Namenspatronin der Schule, sollen sie am Gymnasium Maria K\u00f6nigin starten. Das wurde symbolisch mit vielen H\u00fcten deutlich gemacht und das w\u00fcnschte auch Pfarrer Ludger Wollweber allen neuen Sch\u00fclern. F\u00fcr den musikalischen Rahmen sorgte Herr Sch\u00f6rmann.<\/p>\n<p style=\"text-align: justify;\"><img loading=\"lazy\" decoding=\"async\" class=\"alignright wp-image-16750 size-full\" src=\"http:\/\/www.maria-koenigin.de\/wordpress\/wp-content\/uploads\/2025\/08\/Einschulung3kl.jpg\" alt=\"\" width=\"640\" height=\"427\" srcset=\"https:\/\/www.maria-koenigin.de\/wordpress\/wp-content\/uploads\/2025\/08\/Einschulung3kl.jpg 640w, https:\/\/www.maria-koenigin.de\/wordpress\/wp-content\/uploads\/2025\/08\/Einschulung3kl-300x200.jpg 300w, https:\/\/www.maria-koenigin.de\/wordpress\/wp-content\/uploads\/2025\/08\/Einschulung3kl-624x416.jpg 624w\" sizes=\"auto, (max-width: 640px) 100vw, 640px\" \/>Anschlie\u00dfend wurden die Sch\u00fclerinnen und Sch\u00fcler auf ihre Klassen aufgeteilt und erkundeten gemeinsam mit ihren Klassenleitungen, Frau Eisen, Herr Linn und Frau Lingemann, ihren neuen Klassenraum.<\/p>\n<p style=\"text-align: justify;\"><a href=\"http:\/\/www.maria-koenigin.de\/wordpress\/wp-content\/uploads\/2025\/08\/Einschulung4kl.jpg\"><img loading=\"lazy\" decoding=\"async\" class=\"alignright wp-image-16753 size-full\" src=\"http:\/\/www.maria-koenigin.de\/wordpress\/wp-content\/uploads\/2025\/08\/Einschulung4kl.jpg\" alt=\"\" width=\"640\" height=\"427\" srcset=\"https:\/\/www.maria-koenigin.de\/wordpress\/wp-content\/uploads\/2025\/08\/Einschulung4kl.jpg 640w, https:\/\/www.maria-koenigin.de\/wordpress\/wp-content\/uploads\/2025\/08\/Einschulung4kl-300x200.jpg 300w, https:\/\/www.maria-koenigin.de\/wordpress\/wp-content\/uploads\/2025\/08\/Einschulung4kl-624x416.jpg 624w\" sizes=\"auto, (max-width: 640px) 100vw, 640px\" \/><\/a>5a mit Frau Lingemann<\/p>\n<p style=\"text-align: justify;\">Die Eltern besuchten parallel eine kurzweilige Informationsveranstaltung der Schulleitung im Konferenzraum. Gegen Mittag endete dann der erste Schultag und fr\u00f6hlich und zufrieden traten die Familien den Heimweg wieder an.<\/p>\n<p><img loading=\"lazy\" decoding=\"async\" class=\"alignright wp-image-16754 size-full\" style=\"margin-top: 0.857143rem; margin-bottom: 0.857143rem; margin-left: 1.71429rem; text-align: justify;\" src=\"http:\/\/www.maria-koenigin.de\/wordpress\/wp-content\/uploads\/2025\/08\/Einschulung6kl-1.jpg\" alt=\"\" width=\"640\" height=\"427\" srcset=\"https:\/\/www.maria-koenigin.de\/wordpress\/wp-content\/uploads\/2025\/08\/Einschulung6kl-1.jpg 640w, https:\/\/www.maria-koenigin.de\/wordpress\/wp-content\/uploads\/2025\/08\/Einschulung6kl-1-300x200.jpg 300w, https:\/\/www.maria-koenigin.de\/wordpress\/wp-content\/uploads\/2025\/08\/Einschulung6kl-1-624x416.jpg 624w\" sizes=\"auto, (max-width: 640px) 100vw, 640px\" \/><\/p>\n<p style=\"text-align: justify;\">5b mit Herrn Linn<\/p>\n<p><a href=\"http:\/\/www.maria-koenigin.de\/wordpress\/wp-content\/uploads\/2025\/08\/Einschulung5kl.jpg\"><img loading=\"lazy\" decoding=\"async\" class=\"alignright wp-image-16751 size-full\" src=\"http:\/\/www.maria-koenigin.de\/wordpress\/wp-content\/uploads\/2025\/08\/Einschulung5kl.jpg\" alt=\"\" width=\"640\" height=\"427\" srcset=\"https:\/\/www.maria-koenigin.de\/wordpress\/wp-content\/uploads\/2025\/08\/Einschulung5kl.jpg 640w, https:\/\/www.maria-koenigin.de\/wordpress\/wp-content\/uploads\/2025\/08\/Einschulung5kl-300x200.jpg 300w, https:\/\/www.maria-koenigin.de\/wordpress\/wp-content\/uploads\/2025\/08\/Einschulung5kl-624x416.jpg 624w\" sizes=\"auto, (max-width: 640px) 100vw, 640px\" \/><\/a><\/p>\n<p>5c mit Frau Eisen<\/p>\n<p>&nbsp;<\/p>\n","protected":false},"excerpt":{"rendered":"<p>88 Sch\u00fclerinnen und Sch\u00fcler haben am Mittwoch ihren ersten Schultag an unserer Schule erlebt. Mit viel Vorfreude und in Begleitung von Eltern, teilweise auch Geschwistern und Gro\u00dfeltern, feierten sie zun\u00e4chst einen Gottesdienst, der von der Klasse 6c mit der Religionslehrerin Frau Schmidt vorbereitet worden war.<\/p>\n","protected":false},"author":7,"featured_media":0,"comment_status":"closed","ping_status":"closed","sticky":false,"template":"","format":"standard","meta":{"ngg_post_thumbnail":0,"footnotes":""},"categories":[4],"tags":[],"class_list":["post-16747","post","type-post","status-publish","format-standard","hentry","category-aktuelles"],"_links":{"self":[{"href":"https:\/\/www.maria-koenigin.de\/index.php?rest_route=\/wp\/v2\/posts\/16747","targetHints":{"allow":["GET"]}}],"collection":[{"href":"https:\/\/www.maria-koenigin.de\/index.php?rest_route=\/wp\/v2\/posts"}],"about":[{"href":"https:\/\/www.maria-koenigin.de\/index.php?rest_route=\/wp\/v2\/types\/post"}],"author":[{"embeddable":true,"href":"https:\/\/www.maria-koenigin.de\/index.php?rest_route=\/wp\/v2\/users\/7"}],"replies":[{"embeddable":true,"href":"https:\/\/www.maria-koenigin.de\/index.php?rest_route=%2Fwp%2Fv2%2Fcomments&post=16747"}],"version-history":[{"count":1,"href":"https:\/\/www.maria-koenigin.de\/index.php?rest_route=\/wp\/v2\/posts\/16747\/revisions"}],"predecessor-version":[{"id":16755,"href":"https:\/\/www.maria-koenigin.de\/index.php?rest_route=\/wp\/v2\/posts\/16747\/revisions\/16755"}],"wp:attachment":[{"href":"https:\/\/www.maria-koenigin.de\/index.php?rest_route=%2Fwp%2Fv2%2Fmedia&parent=16747"}],"wp:term":[{"taxonomy":"category","embeddable":true,"href":"https:\/\/www.maria-koenigin.de\/index.php?rest_route=%2Fwp%2Fv2%2Fcategories&post=16747"},{"taxonomy":"post_tag","embeddable":true,"href":"https:\/\/www.maria-koenigin.de\/index.php?rest_route=%2Fwp%2Fv2%2Ftags&post=16747"}],"curies":[{"name":"wp","href":"https:\/\/api.w.org\/{rel}","templated":true}]}}