{"id":16771,"date":"2025-09-03T19:24:29","date_gmt":"2025-09-03T17:24:29","guid":{"rendered":"https:\/\/www.maria-koenigin.de\/?p=16771"},"modified":"2025-09-08T11:21:50","modified_gmt":"2025-09-08T09:21:50","slug":"tekrar-hos-geldiniz-dostlar","status":"publish","type":"post","link":"https:\/\/www.maria-koenigin.de\/?p=16771","title":{"rendered":"Tekrar ho\u015f geldiniz dostlar!"},"content":{"rendered":"<p style=\"text-align: justify;\"><img loading=\"lazy\" decoding=\"async\" class=\"alignright wp-image-16772 size-full\" src=\"http:\/\/www.maria-koenigin.de\/wordpress\/wp-content\/uploads\/2025\/09\/Tuerkei-3.jpg\" alt=\"\" width=\"640\" height=\"480\" srcset=\"https:\/\/www.maria-koenigin.de\/wordpress\/wp-content\/uploads\/2025\/09\/Tuerkei-3.jpg 640w, https:\/\/www.maria-koenigin.de\/wordpress\/wp-content\/uploads\/2025\/09\/Tuerkei-3-300x225.jpg 300w, https:\/\/www.maria-koenigin.de\/wordpress\/wp-content\/uploads\/2025\/09\/Tuerkei-3-624x468.jpg 624w\" sizes=\"auto, (max-width: 640px) 100vw, 640px\" \/>T\u00fcrkische Austauschgruppe der TSO Fen Lisesi erneut zu Gast am Gymnasium Maria K\u00f6nigin Gegenbesuch startet Ende September<\/p>\n<p style=\"text-align: justify;\">Zum Start des neuen Schuljahrs und mit gro\u00dfer Vorfreude auf \u00c7aycuma werfen wir einen Blick zur\u00fcck auf den Ausklang des letzten. Bereits zum zweiten Mal durften wir Ende Juni am Gymnasium Maria K\u00f6nigin eine Sch\u00fclergruppe unserer t\u00fcrkischen Partnerschule, der TSO Fen Lisesi aus \u00c7aycuma, begr\u00fc\u00dfen. Vom 20. bis zum 27. Juni 2025 waren 20 Sch\u00fclerinnen und Sch\u00fcler sowie 6 Lehrkr\u00e4fte zu Gast in Lennestadt und erlebten gemeinsam mit unseren Sch\u00fclerinnen und Sch\u00fclern eine abwechslungsreiche und bereichernde Austauschwoche.<!--more--><\/p>\n<p style=\"text-align: justify;\"><img loading=\"lazy\" decoding=\"async\" class=\"alignright wp-image-16778 size-large\" src=\"http:\/\/www.maria-koenigin.de\/wordpress\/wp-content\/uploads\/2025\/09\/20250624_100548-768x1024.jpg\" alt=\"\" width=\"625\" height=\"833\" srcset=\"https:\/\/www.maria-koenigin.de\/wordpress\/wp-content\/uploads\/2025\/09\/20250624_100548-768x1024.jpg 768w, https:\/\/www.maria-koenigin.de\/wordpress\/wp-content\/uploads\/2025\/09\/20250624_100548-225x300.jpg 225w, https:\/\/www.maria-koenigin.de\/wordpress\/wp-content\/uploads\/2025\/09\/20250624_100548-1152x1536.jpg 1152w, https:\/\/www.maria-koenigin.de\/wordpress\/wp-content\/uploads\/2025\/09\/20250624_100548-1536x2048.jpg 1536w, https:\/\/www.maria-koenigin.de\/wordpress\/wp-content\/uploads\/2025\/09\/20250624_100548-624x832.jpg 624w, https:\/\/www.maria-koenigin.de\/wordpress\/wp-content\/uploads\/2025\/09\/20250624_100548-scaled.jpg 1920w\" sizes=\"auto, (max-width: 625px) 100vw, 625px\" \/>Untergebracht war die Gruppe im Jugendhof Pallotti, von wo aus t\u00e4glich ein vielf\u00e4ltiges Programm startete. Im Mittelpunkt stand erneut der gemeinsame fachliche Schwerpunkt beider Schulen im MINT-Bereich. In Workshops und Projekten, insbesondere in der Junior-Ingenieur-Akademie (JIA) und in Informatik, arbeiteten deutsche und t\u00fcrkische Sch\u00fcler intensiv zusammen. Dabei wurden nicht nur technische Fertigkeiten vermittelt, sondern auch Teamarbeit und Probleml\u00f6sestrategien \u00fcber Sprach- und Kulturgrenzen hinweg erprobt.<\/p>\n<p style=\"text-align: justify;\"><img loading=\"lazy\" decoding=\"async\" class=\"alignright wp-image-16773 size-full\" src=\"http:\/\/www.maria-koenigin.de\/wordpress\/wp-content\/uploads\/2025\/09\/Tuerkei-1.jpg\" alt=\"\" width=\"640\" height=\"480\" srcset=\"https:\/\/www.maria-koenigin.de\/wordpress\/wp-content\/uploads\/2025\/09\/Tuerkei-1.jpg 640w, https:\/\/www.maria-koenigin.de\/wordpress\/wp-content\/uploads\/2025\/09\/Tuerkei-1-300x225.jpg 300w, https:\/\/www.maria-koenigin.de\/wordpress\/wp-content\/uploads\/2025\/09\/Tuerkei-1-624x468.jpg 624w\" sizes=\"auto, (max-width: 640px) 100vw, 640px\" \/>Zwei in diesem Zuge stattfindende praxisnahe Workshops zu den Themen Robotik und logischen Schaltungen wurden vollst\u00e4ndig von den Teilnehmenden JIA und des Informatikkurses geplant, vorbereitet und durchgef\u00fchrt. Die deutschen Sch\u00fclerinnen und Sch\u00fcler \u00fcbernahmen dabei nicht nur die Organisation, sondern auch die Rolle der Workshopleiter.<\/p>\n<p style=\"text-align: justify;\">Im Robotikworkshop f\u00fchrten sie ihre G\u00e4ste in das LEGO Spike-System ein, erkl\u00e4rten Grundlagen der Programmierung und unterst\u00fctzten beim Bau funktionsf\u00e4higer Roboter. In gemischten Teams entstanden so Konstruktionen, die im Anschluss in einem kleinen Wettkampf gegeneinander antraten. Beim Workshop zu den logischen Schaltungen, wurden mit Hilfe von Vortr\u00e4gen und Erkl\u00e4rvideos zuerst Grundlagen in den Bereichen Bauteile, Schaltfunktionen, Schalttabellen und Schaltungen sowie deren Vereinfachung geschaffen. Au\u00dferdem wurden einzelne Einsatzbereiche vorgestellt. Anschlie\u00dfend konnten die gewonnen Erkenntnisse in einem Stationenlernen angewandt und ausgebaut werden.<\/p>\n<p style=\"text-align: justify;\"><img loading=\"lazy\" decoding=\"async\" class=\"alignright wp-image-16774 size-full\" src=\"http:\/\/www.maria-koenigin.de\/wordpress\/wp-content\/uploads\/2025\/09\/Tuerkei-6.jpg\" alt=\"\" width=\"640\" height=\"480\" srcset=\"https:\/\/www.maria-koenigin.de\/wordpress\/wp-content\/uploads\/2025\/09\/Tuerkei-6.jpg 640w, https:\/\/www.maria-koenigin.de\/wordpress\/wp-content\/uploads\/2025\/09\/Tuerkei-6-300x225.jpg 300w, https:\/\/www.maria-koenigin.de\/wordpress\/wp-content\/uploads\/2025\/09\/Tuerkei-6-624x468.jpg 624w\" sizes=\"auto, (max-width: 640px) 100vw, 640px\" \/>Mit viel Einsatz, Fachkenntnis und Freude gestalteten die Sch\u00fclerinnen und Sch\u00fcler die Workshops lebendig und abwechslungsreich. Sie erm\u00f6glichten ihren G\u00e4sten nicht nur spannende Einblicke in die Welt der Robotik und der logischen Schaltungen, sondern schufen auch eine offene Atmosph\u00e4re f\u00fcr Austausch, Zusammenarbeit und gemeinsames Lernen.<\/p>\n<p style=\"text-align: justify;\">Auch diese Atmosph\u00e4re sorgte daf\u00fcr, dass sich trotz anf\u00e4nglicher Sprachbarrieren w\u00e4hrend des Besuchs schnell freundschaftliche Verbindungen entwickelten. Mit Offenheit, Interesse und einer Portion Humor gelang die Verst\u00e4ndigung \u2013 oft mithilfe von Gestik, anderen Sprachkenntnissen und digitalen \u00dcbersetzungstools. Es zeigte sich einmal mehr: Sprache ist wichtig \u2013 aber nicht alles.<\/p>\n<p style=\"text-align: justify;\"><img loading=\"lazy\" decoding=\"async\" class=\"alignright wp-image-16775 size-full\" src=\"http:\/\/www.maria-koenigin.de\/wordpress\/wp-content\/uploads\/2025\/09\/Tuerkei-7.jpg\" alt=\"\" width=\"640\" height=\"480\" srcset=\"https:\/\/www.maria-koenigin.de\/wordpress\/wp-content\/uploads\/2025\/09\/Tuerkei-7.jpg 640w, https:\/\/www.maria-koenigin.de\/wordpress\/wp-content\/uploads\/2025\/09\/Tuerkei-7-300x225.jpg 300w, https:\/\/www.maria-koenigin.de\/wordpress\/wp-content\/uploads\/2025\/09\/Tuerkei-7-624x468.jpg 624w\" sizes=\"auto, (max-width: 640px) 100vw, 640px\" \/>Neben dem fachlichen Austausch kam auch das gemeinsame Erleben nicht zu kurz. Ein Ausflug zum Erlebnisberg Kappe in Winterberg mit Sommerrodelbahn, Fly-Line und Panoramaerlebnisbr\u00fccke sorgte f\u00fcr Begeisterung. Au\u00dferdem standen Tagesausfl\u00fcge nach K\u00f6ln und Siegen auf dem Programm. Viel gemeinsame Zeit, intensiver Austausch und ein fr\u00f6hliches Abschlussgrillen mit den Eltern der deutschen Sch\u00fclerinnen und Sch\u00fcler rundeten die Begegnungswoche ab.<\/p>\n<p style=\"text-align: justify;\"><img loading=\"lazy\" decoding=\"async\" class=\"alignright wp-image-16776 size-full\" src=\"http:\/\/www.maria-koenigin.de\/wordpress\/wp-content\/uploads\/2025\/09\/DE_co_funded_vertical_RGB_POS.png\" alt=\"\" width=\"922\" height=\"946\" srcset=\"https:\/\/www.maria-koenigin.de\/wordpress\/wp-content\/uploads\/2025\/09\/DE_co_funded_vertical_RGB_POS.png 922w, https:\/\/www.maria-koenigin.de\/wordpress\/wp-content\/uploads\/2025\/09\/DE_co_funded_vertical_RGB_POS-292x300.png 292w, https:\/\/www.maria-koenigin.de\/wordpress\/wp-content\/uploads\/2025\/09\/DE_co_funded_vertical_RGB_POS-768x788.png 768w, https:\/\/www.maria-koenigin.de\/wordpress\/wp-content\/uploads\/2025\/09\/DE_co_funded_vertical_RGB_POS-624x640.png 624w\" sizes=\"auto, (max-width: 922px) 100vw, 922px\" \/>Ein besonderer Dank gilt der Stadt Lennestadt und der Deutsch-T\u00fcrkischen Jugendbr\u00fccke, die den Austausch finanziell unterst\u00fctzt haben. Dank dieser F\u00f6rderung konnten alle interessierten Sch\u00fclerinnen und Sch\u00fcler unabh\u00e4ngig von den finanziellen M\u00f6glichkeiten ihrer Familien teilnehmen.<\/p>\n<p style=\"text-align: justify;\"><img loading=\"lazy\" decoding=\"async\" class=\"alignright wp-image-16777 size-full\" src=\"http:\/\/www.maria-koenigin.de\/wordpress\/wp-content\/uploads\/2025\/09\/bruecke.jpg\" alt=\"\" width=\"701\" height=\"295\" srcset=\"https:\/\/www.maria-koenigin.de\/wordpress\/wp-content\/uploads\/2025\/09\/bruecke.jpg 701w, https:\/\/www.maria-koenigin.de\/wordpress\/wp-content\/uploads\/2025\/09\/bruecke-300x126.jpg 300w, https:\/\/www.maria-koenigin.de\/wordpress\/wp-content\/uploads\/2025\/09\/bruecke-624x263.jpg 624w\" sizes=\"auto, (max-width: 701px) 100vw, 701px\" \/>Der Gegenbesuch in der T\u00fcrkei steht nun kurz bevor: Vom 22. bis 26. September 2025 werden 19 Sch\u00fclerinnen und Sch\u00fcler sowie vier Lehrkr\u00e4fte unserer Schule nach \u00c7aycuma reisen, um die zweite H\u00e4lfte des Austauschs zu erleben und die t\u00fcrkische Gastfreundschaft kennenzulernen. Wir freuen uns schon jetzt auf viele neue Eindr\u00fccke, weiteren Austausch und das Wiedersehen guter Freunde!<\/p>\n<p><em>&#8222;Mit Unterst\u00fctzung der Deutsch-T\u00fcrkischen Jugendbr\u00fccke gGmbH, kofinanziert von der Europ\u00e4ischen Union. Die ge\u00e4u\u00dferten Ansichten und Meinungen entsprechen jedoch ausschlie\u00dflich denen des Autors bzw. der Autoren und spiegeln nicht zwingend die der Europ\u00e4ischen Union oder der DTJB wider. Weder die Europ\u00e4ische Union noch die DTJB k\u00f6nnen daf\u00fcr verantwortlich gemacht werden.&#8220;<\/em><\/p>\n<p><em>Magnus Reifenrath, Lisa Braune, Matthias Walter und Andr\u00e9 Bertels<\/em><\/p>\n","protected":false},"excerpt":{"rendered":"<p>T\u00fcrkische Austauschgruppe der TSO Fen Lisesi erneut zu Gast am Gymnasium Maria K\u00f6nigin Gegenbesuch startet Ende September Zum Start des neuen Schuljahrs und mit gro\u00dfer Vorfreude auf \u00c7aycuma werfen wir einen Blick zur\u00fcck auf den Ausklang des letzten. Bereits zum zweiten Mal durften wir Ende Juni am Gymnasium Maria K\u00f6nigin eine Sch\u00fclergruppe unserer t\u00fcrkischen Partnerschule, [&hellip;]<\/p>\n","protected":false},"author":7,"featured_media":0,"comment_status":"closed","ping_status":"closed","sticky":false,"template":"","format":"standard","meta":{"ngg_post_thumbnail":0,"footnotes":""},"categories":[4,19],"tags":[],"class_list":["post-16771","post","type-post","status-publish","format-standard","hentry","category-aktuelles","category-mint"],"_links":{"self":[{"href":"https:\/\/www.maria-koenigin.de\/index.php?rest_route=\/wp\/v2\/posts\/16771","targetHints":{"allow":["GET"]}}],"collection":[{"href":"https:\/\/www.maria-koenigin.de\/index.php?rest_route=\/wp\/v2\/posts"}],"about":[{"href":"https:\/\/www.maria-koenigin.de\/index.php?rest_route=\/wp\/v2\/types\/post"}],"author":[{"embeddable":true,"href":"https:\/\/www.maria-koenigin.de\/index.php?rest_route=\/wp\/v2\/users\/7"}],"replies":[{"embeddable":true,"href":"https:\/\/www.maria-koenigin.de\/index.php?rest_route=%2Fwp%2Fv2%2Fcomments&post=16771"}],"version-history":[{"count":3,"href":"https:\/\/www.maria-koenigin.de\/index.php?rest_route=\/wp\/v2\/posts\/16771\/revisions"}],"predecessor-version":[{"id":16781,"href":"https:\/\/www.maria-koenigin.de\/index.php?rest_route=\/wp\/v2\/posts\/16771\/revisions\/16781"}],"wp:attachment":[{"href":"https:\/\/www.maria-koenigin.de\/index.php?rest_route=%2Fwp%2Fv2%2Fmedia&parent=16771"}],"wp:term":[{"taxonomy":"category","embeddable":true,"href":"https:\/\/www.maria-koenigin.de\/index.php?rest_route=%2Fwp%2Fv2%2Fcategories&post=16771"},{"taxonomy":"post_tag","embeddable":true,"href":"https:\/\/www.maria-koenigin.de\/index.php?rest_route=%2Fwp%2Fv2%2Ftags&post=16771"}],"curies":[{"name":"wp","href":"https:\/\/api.w.org\/{rel}","templated":true}]}}