{"id":16787,"date":"2025-09-05T19:26:51","date_gmt":"2025-09-05T17:26:51","guid":{"rendered":"https:\/\/www.maria-koenigin.de\/?p=16787"},"modified":"2025-09-05T19:26:51","modified_gmt":"2025-09-05T17:26:51","slug":"als-gemeinschaft-mit-begruendeter-hoffnung-unterwegs","status":"publish","type":"post","link":"https:\/\/www.maria-koenigin.de\/?p=16787","title":{"rendered":"Als \u201eGemeinschaft mit begr\u00fcndeter Hoffnung\u201c unterwegs"},"content":{"rendered":"<p style=\"text-align: justify;\"><img loading=\"lazy\" decoding=\"async\" class=\"alignright wp-image-16788 size-full\" src=\"http:\/\/www.maria-koenigin.de\/wordpress\/wp-content\/uploads\/2025\/09\/Wallf1.jpg\" alt=\"\" width=\"640\" height=\"427\" srcset=\"https:\/\/www.maria-koenigin.de\/wordpress\/wp-content\/uploads\/2025\/09\/Wallf1.jpg 640w, https:\/\/www.maria-koenigin.de\/wordpress\/wp-content\/uploads\/2025\/09\/Wallf1-300x200.jpg 300w, https:\/\/www.maria-koenigin.de\/wordpress\/wp-content\/uploads\/2025\/09\/Wallf1-624x416.jpg 624w\" sizes=\"auto, (max-width: 640px) 100vw, 640px\" \/>Traditionell, wie zu Beginn eines jeden Schuljahres, machte sich die gesamte Schulgemeinschaft des Gymnasiums Maria K\u00f6nigin auch in diesem Jahr wieder auf den Weg zum Kohlhagen. Aus verschiedenen Richtungen und auf unterschiedlichen Wegstrecken pilgerten die Jahrgangsstufen zum traditionsreichen Wallfahrtsort, um dort gemeinsam Gottesdienst zu feiern.<!--more--><\/p>\n<p style=\"text-align: justify;\"><img loading=\"lazy\" decoding=\"async\" class=\"alignright wp-image-16789 size-full\" src=\"http:\/\/www.maria-koenigin.de\/wordpress\/wp-content\/uploads\/2025\/09\/Wallf9.jpg\" alt=\"\" width=\"640\" height=\"798\" srcset=\"https:\/\/www.maria-koenigin.de\/wordpress\/wp-content\/uploads\/2025\/09\/Wallf9.jpg 640w, https:\/\/www.maria-koenigin.de\/wordpress\/wp-content\/uploads\/2025\/09\/Wallf9-241x300.jpg 241w, https:\/\/www.maria-koenigin.de\/wordpress\/wp-content\/uploads\/2025\/09\/Wallf9-624x778.jpg 624w\" sizes=\"auto, (max-width: 640px) 100vw, 640px\" \/><img loading=\"lazy\" decoding=\"async\" class=\"alignright wp-image-16796 size-full\" src=\"http:\/\/www.maria-koenigin.de\/wordpress\/wp-content\/uploads\/2025\/09\/Wallf10.jpg\" alt=\"\" width=\"640\" height=\"480\" srcset=\"https:\/\/www.maria-koenigin.de\/wordpress\/wp-content\/uploads\/2025\/09\/Wallf10.jpg 640w, https:\/\/www.maria-koenigin.de\/wordpress\/wp-content\/uploads\/2025\/09\/Wallf10-300x225.jpg 300w, https:\/\/www.maria-koenigin.de\/wordpress\/wp-content\/uploads\/2025\/09\/Wallf10-624x468.jpg 624w\" sizes=\"auto, (max-width: 640px) 100vw, 640px\" \/>Im Heiligen Jahr 2025, das unter dem Motto \u201ePilger der Hoffnung\u201c steht, pr\u00e4gte besonders das Thema Hoffnung die Impulse an den drei Stationen w\u00e4hrend des Pilgerns. Bereits zu Beginn baten wir Gott um Begleitung auf unserem Weg \u2013 nicht nur zum Kohlhagen, sondern auch durch das neue Schuljahr und die Herausforderungen des Alltags.<\/p>\n<p style=\"text-align: justify;\"><img loading=\"lazy\" decoding=\"async\" class=\"alignright wp-image-16790 size-full\" src=\"http:\/\/www.maria-koenigin.de\/wordpress\/wp-content\/uploads\/2025\/09\/Wallf2.jpg\" alt=\"\" width=\"640\" height=\"427\" srcset=\"https:\/\/www.maria-koenigin.de\/wordpress\/wp-content\/uploads\/2025\/09\/Wallf2.jpg 640w, https:\/\/www.maria-koenigin.de\/wordpress\/wp-content\/uploads\/2025\/09\/Wallf2-300x200.jpg 300w, https:\/\/www.maria-koenigin.de\/wordpress\/wp-content\/uploads\/2025\/09\/Wallf2-624x416.jpg 624w\" sizes=\"auto, (max-width: 640px) 100vw, 640px\" \/>An der ersten Station ging es um die Bedeutung des Pilgerns: unterwegs sein in Gottes Sch\u00f6pfung, innehalten und sich auf den Weg des Glaubens einlassen. Viele Sch\u00fcler brachten eigene Erfahrungen und Gedanken dazu ein.<\/p>\n<p style=\"text-align: justify;\"><img loading=\"lazy\" decoding=\"async\" class=\"alignright wp-image-16791 size-full\" src=\"http:\/\/www.maria-koenigin.de\/wordpress\/wp-content\/uploads\/2025\/09\/Wallf3.jpg\" alt=\"\" width=\"640\" height=\"427\" srcset=\"https:\/\/www.maria-koenigin.de\/wordpress\/wp-content\/uploads\/2025\/09\/Wallf3.jpg 640w, https:\/\/www.maria-koenigin.de\/wordpress\/wp-content\/uploads\/2025\/09\/Wallf3-300x200.jpg 300w, https:\/\/www.maria-koenigin.de\/wordpress\/wp-content\/uploads\/2025\/09\/Wallf3-624x416.jpg 624w\" sizes=\"auto, (max-width: 640px) 100vw, 640px\" \/>Die zweite Station stand im Zeichen der Sorgen und \u00c4ngste, die jeder im Leben mit sich tr\u00e4gt. Symbolisch sammelten die Sch\u00fcler Steine, die f\u00fcr Belastungen und dr\u00fcckende Gedanken standen. Doch zwischen allen Lasten wurde auch deutlich: Hoffnung w\u00e4chst oft klein und unscheinbar, wie ein Senfkorn oder ein Apfelb\u00e4umchen, das Mut f\u00fcr die Zukunft schenkt.<\/p>\n<p style=\"text-align: justify;\"><img loading=\"lazy\" decoding=\"async\" class=\"alignright wp-image-16792 size-full\" src=\"http:\/\/www.maria-koenigin.de\/wordpress\/wp-content\/uploads\/2025\/09\/Wallf7.jpg\" alt=\"\" width=\"640\" height=\"427\" srcset=\"https:\/\/www.maria-koenigin.de\/wordpress\/wp-content\/uploads\/2025\/09\/Wallf7.jpg 640w, https:\/\/www.maria-koenigin.de\/wordpress\/wp-content\/uploads\/2025\/09\/Wallf7-300x200.jpg 300w, https:\/\/www.maria-koenigin.de\/wordpress\/wp-content\/uploads\/2025\/09\/Wallf7-624x416.jpg 624w\" sizes=\"auto, (max-width: 640px) 100vw, 640px\" \/>An der dritten Station war dann genau diese Hoffnung Thema. In einem gemeinsamen Plakat hielten die Klassen ihre pers\u00f6nlichen \u201eSenfk\u00f6rner\u201c fest: Dinge, Menschen und Erlebnisse, die Hoffnung schenken und Kraft geben.<\/p>\n<p style=\"text-align: justify;\"><img loading=\"lazy\" decoding=\"async\" class=\"alignright wp-image-16797 size-full\" src=\"http:\/\/www.maria-koenigin.de\/wordpress\/wp-content\/uploads\/2025\/09\/Wallf6.jpg\" alt=\"\" width=\"640\" height=\"427\" srcset=\"https:\/\/www.maria-koenigin.de\/wordpress\/wp-content\/uploads\/2025\/09\/Wallf6.jpg 640w, https:\/\/www.maria-koenigin.de\/wordpress\/wp-content\/uploads\/2025\/09\/Wallf6-300x200.jpg 300w, https:\/\/www.maria-koenigin.de\/wordpress\/wp-content\/uploads\/2025\/09\/Wallf6-624x416.jpg 624w\" sizes=\"auto, (max-width: 640px) 100vw, 640px\" \/>Der feierliche Abschlussgottesdienst auf dem Kohlhagen griff diese Gedanken auf. Pater Siegfried Modenbach sprach dabei einpr\u00e4gsam von unserer Schulgemeinschaft als \u201eGmbH \u2013 Gemeinschaft mit begr\u00fcndeter Hoffnung\u201c. Ein Bild, das verdeutlichte: Hoffnung ist kein blo\u00dfes Gef\u00fchl, sondern etwas, das wir gemeinsam tragen und f\u00fcreinander lebendig machen k\u00f6nnen.<\/p>\n<p style=\"text-align: justify;\"><img loading=\"lazy\" decoding=\"async\" class=\"alignright wp-image-16795 size-full\" src=\"http:\/\/www.maria-koenigin.de\/wordpress\/wp-content\/uploads\/2025\/09\/Wallf4.jpg\" alt=\"\" width=\"640\" height=\"427\" srcset=\"https:\/\/www.maria-koenigin.de\/wordpress\/wp-content\/uploads\/2025\/09\/Wallf4.jpg 640w, https:\/\/www.maria-koenigin.de\/wordpress\/wp-content\/uploads\/2025\/09\/Wallf4-300x200.jpg 300w, https:\/\/www.maria-koenigin.de\/wordpress\/wp-content\/uploads\/2025\/09\/Wallf4-624x416.jpg 624w\" sizes=\"auto, (max-width: 640px) 100vw, 640px\" \/>Die Vorbereitung und Organisation der Wallfahrt lag in diesem Jahr erstmals in den H\u00e4nden von Tobias Riesel, Julian Scherer, Simone Reuter und Kai Kramer. F\u00fcr die Musik sorgte ein Chor unter der Leitung von Harald J\u00fcngst.<\/p>\n<p style=\"text-align: justify;\"><img loading=\"lazy\" decoding=\"async\" class=\"alignright wp-image-16793 size-full\" src=\"http:\/\/www.maria-koenigin.de\/wordpress\/wp-content\/uploads\/2025\/09\/Wallf5.jpg\" alt=\"\" width=\"640\" height=\"427\" srcset=\"https:\/\/www.maria-koenigin.de\/wordpress\/wp-content\/uploads\/2025\/09\/Wallf5.jpg 640w, https:\/\/www.maria-koenigin.de\/wordpress\/wp-content\/uploads\/2025\/09\/Wallf5-300x200.jpg 300w, https:\/\/www.maria-koenigin.de\/wordpress\/wp-content\/uploads\/2025\/09\/Wallf5-624x416.jpg 624w\" sizes=\"auto, (max-width: 640px) 100vw, 640px\" \/>So wurde die Wallfahrt 2025 f\u00fcr uns alle zu einem hoffnungsvollen Start in das neue Schuljahr \u2013 getragen von Gemeinschaft, Glauben und dem Vertrauen, dass Gott unsere Schritte segnet.<\/p>\n<p><em>Hanna Reuber<\/em><\/p>\n","protected":false},"excerpt":{"rendered":"<p>Traditionell, wie zu Beginn eines jeden Schuljahres, machte sich die gesamte Schulgemeinschaft des Gymnasiums Maria K\u00f6nigin auch in diesem Jahr wieder auf den Weg zum Kohlhagen. Aus verschiedenen Richtungen und auf unterschiedlichen Wegstrecken pilgerten die Jahrgangsstufen zum traditionsreichen Wallfahrtsort, um dort gemeinsam Gottesdienst zu feiern.<\/p>\n","protected":false},"author":7,"featured_media":0,"comment_status":"closed","ping_status":"closed","sticky":false,"template":"","format":"standard","meta":{"ngg_post_thumbnail":0,"footnotes":""},"categories":[4],"tags":[],"class_list":["post-16787","post","type-post","status-publish","format-standard","hentry","category-aktuelles"],"_links":{"self":[{"href":"https:\/\/www.maria-koenigin.de\/index.php?rest_route=\/wp\/v2\/posts\/16787","targetHints":{"allow":["GET"]}}],"collection":[{"href":"https:\/\/www.maria-koenigin.de\/index.php?rest_route=\/wp\/v2\/posts"}],"about":[{"href":"https:\/\/www.maria-koenigin.de\/index.php?rest_route=\/wp\/v2\/types\/post"}],"author":[{"embeddable":true,"href":"https:\/\/www.maria-koenigin.de\/index.php?rest_route=\/wp\/v2\/users\/7"}],"replies":[{"embeddable":true,"href":"https:\/\/www.maria-koenigin.de\/index.php?rest_route=%2Fwp%2Fv2%2Fcomments&post=16787"}],"version-history":[{"count":1,"href":"https:\/\/www.maria-koenigin.de\/index.php?rest_route=\/wp\/v2\/posts\/16787\/revisions"}],"predecessor-version":[{"id":16798,"href":"https:\/\/www.maria-koenigin.de\/index.php?rest_route=\/wp\/v2\/posts\/16787\/revisions\/16798"}],"wp:attachment":[{"href":"https:\/\/www.maria-koenigin.de\/index.php?rest_route=%2Fwp%2Fv2%2Fmedia&parent=16787"}],"wp:term":[{"taxonomy":"category","embeddable":true,"href":"https:\/\/www.maria-koenigin.de\/index.php?rest_route=%2Fwp%2Fv2%2Fcategories&post=16787"},{"taxonomy":"post_tag","embeddable":true,"href":"https:\/\/www.maria-koenigin.de\/index.php?rest_route=%2Fwp%2Fv2%2Ftags&post=16787"}],"curies":[{"name":"wp","href":"https:\/\/api.w.org\/{rel}","templated":true}]}}