{"id":16822,"date":"2025-09-12T22:29:46","date_gmt":"2025-09-12T20:29:46","guid":{"rendered":"https:\/\/www.maria-koenigin.de\/?p=16822"},"modified":"2025-09-13T08:55:12","modified_gmt":"2025-09-13T06:55:12","slug":"mixed-staffel-gewinnt-erneut-den-lennestaedter-stadtlauf","status":"publish","type":"post","link":"https:\/\/www.maria-koenigin.de\/?p=16822","title":{"rendered":"Mixed-Staffel gewinnt erneut den Lennest\u00e4dter Stadtlauf"},"content":{"rendered":"<div dir=\"auto\" style=\"text-align: justify;\"><img loading=\"lazy\" decoding=\"async\" class=\"alignright wp-image-16823 size-full\" src=\"http:\/\/www.maria-koenigin.de\/wordpress\/wp-content\/uploads\/2025\/09\/Stadtlauf-25-2kl.jpg\" alt=\"\" width=\"640\" height=\"480\" srcset=\"https:\/\/www.maria-koenigin.de\/wordpress\/wp-content\/uploads\/2025\/09\/Stadtlauf-25-2kl.jpg 640w, https:\/\/www.maria-koenigin.de\/wordpress\/wp-content\/uploads\/2025\/09\/Stadtlauf-25-2kl-300x225.jpg 300w, https:\/\/www.maria-koenigin.de\/wordpress\/wp-content\/uploads\/2025\/09\/Stadtlauf-25-2kl-624x468.jpg 624w\" sizes=\"auto, (max-width: 640px) 100vw, 640px\" \/>Herzlichen Gl\u00fcckwunsch an unser Lauf-Team beim Lennest\u00e4dter Stadtlauf.<\/div>\n<div dir=\"auto\" style=\"text-align: justify;\">In der Besetzung Lya Bourgund, Peter Peil, Tom Zeppenfeld (der kurzfristig f\u00fcr Steffen Hebbeker eingesprungen ist) und Silas Klein erreichte das Mixed-Team mit einer Gesamtzeit von 1 Stunde und 27 Minuten das Siegertreppchen.<img loading=\"lazy\" decoding=\"async\" class=\"alignright wp-image-16827 size-full\" src=\"http:\/\/www.maria-koenigin.de\/wordpress\/wp-content\/uploads\/2025\/09\/Stadtlauf-25-4kl.jpg\" alt=\"\" width=\"640\" height=\"853\" srcset=\"https:\/\/www.maria-koenigin.de\/wordpress\/wp-content\/uploads\/2025\/09\/Stadtlauf-25-4kl.jpg 640w, https:\/\/www.maria-koenigin.de\/wordpress\/wp-content\/uploads\/2025\/09\/Stadtlauf-25-4kl-225x300.jpg 225w, https:\/\/www.maria-koenigin.de\/wordpress\/wp-content\/uploads\/2025\/09\/Stadtlauf-25-4kl-624x832.jpg 624w\" sizes=\"auto, (max-width: 640px) 100vw, 640px\" \/><\/div>\n<p><!--more--><\/p>\n<div dir=\"auto\" style=\"text-align: justify;\"><img loading=\"lazy\" decoding=\"async\" class=\"alignright wp-image-16824 size-full\" src=\"http:\/\/www.maria-koenigin.de\/wordpress\/wp-content\/uploads\/2025\/09\/Stadtlauf-25-1kl.jpg\" alt=\"\" width=\"640\" height=\"480\" srcset=\"https:\/\/www.maria-koenigin.de\/wordpress\/wp-content\/uploads\/2025\/09\/Stadtlauf-25-1kl.jpg 640w, https:\/\/www.maria-koenigin.de\/wordpress\/wp-content\/uploads\/2025\/09\/Stadtlauf-25-1kl-300x225.jpg 300w, https:\/\/www.maria-koenigin.de\/wordpress\/wp-content\/uploads\/2025\/09\/Stadtlauf-25-1kl-624x468.jpg 624w\" sizes=\"auto, (max-width: 640px) 100vw, 640px\" \/>Neben dieser Staffel waren noch die Lehrer Moritz Th\u00f6ne, Dennis Plett, Christoph Tebr\u00fcgge und Nico Rettler und die Sch\u00fclerin Greta Schneider f\u00fcr die Schule mit dabei. Viele Sch\u00fclerinnen und Sch\u00fcler waren aber auch mit anderen Teams unterwegs.<\/div>\n<div dir=\"auto\" style=\"text-align: justify;\"><img loading=\"lazy\" decoding=\"async\" class=\"alignright wp-image-16825 size-full\" src=\"http:\/\/www.maria-koenigin.de\/wordpress\/wp-content\/uploads\/2025\/09\/Stadtlauf-25-3kl.jpg\" alt=\"\" width=\"640\" height=\"573\" srcset=\"https:\/\/www.maria-koenigin.de\/wordpress\/wp-content\/uploads\/2025\/09\/Stadtlauf-25-3kl.jpg 640w, https:\/\/www.maria-koenigin.de\/wordpress\/wp-content\/uploads\/2025\/09\/Stadtlauf-25-3kl-300x269.jpg 300w, https:\/\/www.maria-koenigin.de\/wordpress\/wp-content\/uploads\/2025\/09\/Stadtlauf-25-3kl-624x559.jpg 624w\" sizes=\"auto, (max-width: 640px) 100vw, 640px\" \/>Eine besondere Aktion hatte sich das St\u00e4dtische Gymnasium Lennestadt \u00fcberlegt.\u00a0 Die gesamte Sch\u00fclerschaft war in pinken Trikots dabei, um ein Zeichen gegen Rassismus und f\u00fcr Vielfalt\u00a0 zu setzen.<\/div>\n","protected":false},"excerpt":{"rendered":"<p>Herzlichen Gl\u00fcckwunsch an unser Lauf-Team beim Lennest\u00e4dter Stadtlauf. In der Besetzung Lya Bourgund, Peter Peil, Tom Zeppenfeld (der kurzfristig f\u00fcr Steffen Hebbeker eingesprungen ist) und Silas Klein erreichte das Mixed-Team mit einer Gesamtzeit von 1 Stunde und 27 Minuten das Siegertreppchen.<\/p>\n","protected":false},"author":7,"featured_media":0,"comment_status":"closed","ping_status":"closed","sticky":false,"template":"","format":"standard","meta":{"ngg_post_thumbnail":0,"footnotes":""},"categories":[4],"tags":[],"class_list":["post-16822","post","type-post","status-publish","format-standard","hentry","category-aktuelles"],"_links":{"self":[{"href":"https:\/\/www.maria-koenigin.de\/index.php?rest_route=\/wp\/v2\/posts\/16822","targetHints":{"allow":["GET"]}}],"collection":[{"href":"https:\/\/www.maria-koenigin.de\/index.php?rest_route=\/wp\/v2\/posts"}],"about":[{"href":"https:\/\/www.maria-koenigin.de\/index.php?rest_route=\/wp\/v2\/types\/post"}],"author":[{"embeddable":true,"href":"https:\/\/www.maria-koenigin.de\/index.php?rest_route=\/wp\/v2\/users\/7"}],"replies":[{"embeddable":true,"href":"https:\/\/www.maria-koenigin.de\/index.php?rest_route=%2Fwp%2Fv2%2Fcomments&post=16822"}],"version-history":[{"count":3,"href":"https:\/\/www.maria-koenigin.de\/index.php?rest_route=\/wp\/v2\/posts\/16822\/revisions"}],"predecessor-version":[{"id":16829,"href":"https:\/\/www.maria-koenigin.de\/index.php?rest_route=\/wp\/v2\/posts\/16822\/revisions\/16829"}],"wp:attachment":[{"href":"https:\/\/www.maria-koenigin.de\/index.php?rest_route=%2Fwp%2Fv2%2Fmedia&parent=16822"}],"wp:term":[{"taxonomy":"category","embeddable":true,"href":"https:\/\/www.maria-koenigin.de\/index.php?rest_route=%2Fwp%2Fv2%2Fcategories&post=16822"},{"taxonomy":"post_tag","embeddable":true,"href":"https:\/\/www.maria-koenigin.de\/index.php?rest_route=%2Fwp%2Fv2%2Ftags&post=16822"}],"curies":[{"name":"wp","href":"https:\/\/api.w.org\/{rel}","templated":true}]}}