{"id":16830,"date":"2025-09-14T18:22:03","date_gmt":"2025-09-14T16:22:03","guid":{"rendered":"https:\/\/www.maria-koenigin.de\/?p=16830"},"modified":"2025-09-14T18:23:06","modified_gmt":"2025-09-14T16:23:06","slug":"wassersport-und-mehr-an-irlands-kueste-beim-austausch","status":"publish","type":"post","link":"https:\/\/www.maria-koenigin.de\/?p=16830","title":{"rendered":"Wassersport und mehr beim Austausch an Irlands K\u00fcste"},"content":{"rendered":"<p style=\"text-align: justify;\"><img loading=\"lazy\" decoding=\"async\" class=\"alignright wp-image-16831 size-full\" src=\"http:\/\/www.maria-koenigin.de\/wordpress\/wp-content\/uploads\/2025\/09\/Irland-1.jpg\" alt=\"\" width=\"640\" height=\"480\" srcset=\"https:\/\/www.maria-koenigin.de\/wordpress\/wp-content\/uploads\/2025\/09\/Irland-1.jpg 640w, https:\/\/www.maria-koenigin.de\/wordpress\/wp-content\/uploads\/2025\/09\/Irland-1-300x225.jpg 300w, https:\/\/www.maria-koenigin.de\/wordpress\/wp-content\/uploads\/2025\/09\/Irland-1-624x468.jpg 624w\" sizes=\"auto, (max-width: 640px) 100vw, 640px\" \/>Bereits 17 Jahre besteht die Freundschaft zwischen den Schulen St. Joseph\u2019s, St. Michael\u2019s in Irland und unserem MK im Sauerland.\u00a0Auch in diesem Jahr machte sich eine Gruppe von 20 interessierten Sch\u00fclerinnen und Sch\u00fclern auf den Weg in ein neues Abenteuer.<!--more--><\/p>\n<p style=\"text-align: justify;\"><img loading=\"lazy\" decoding=\"async\" class=\"alignright wp-image-16832 size-full\" src=\"http:\/\/www.maria-koenigin.de\/wordpress\/wp-content\/uploads\/2025\/09\/Irland-3.jpg\" alt=\"\" width=\"640\" height=\"480\" srcset=\"https:\/\/www.maria-koenigin.de\/wordpress\/wp-content\/uploads\/2025\/09\/Irland-3.jpg 640w, https:\/\/www.maria-koenigin.de\/wordpress\/wp-content\/uploads\/2025\/09\/Irland-3-300x225.jpg 300w, https:\/\/www.maria-koenigin.de\/wordpress\/wp-content\/uploads\/2025\/09\/Irland-3-624x468.jpg 624w\" sizes=\"auto, (max-width: 640px) 100vw, 640px\" \/>Am 03.09.2025 starteten wir vom D\u00fcsseldorfer Flughafen nach Dublin, ganz im Sinne der \u201eGerman P\u00fcnktlichkeit\u201c.\u00a0Nach einem mehrst\u00fcndigen Transfer von Dublin nach Listowel und Ballybunion, wurden unsere Sch\u00fclerinnen und Sch\u00fcler herzlich von ihren irischen Gasfamilien empfangen.<\/p>\n<p style=\"text-align: justify;\"><img loading=\"lazy\" decoding=\"async\" class=\"alignright wp-image-16833 size-full\" src=\"http:\/\/www.maria-koenigin.de\/wordpress\/wp-content\/uploads\/2025\/09\/Irland-6.jpg\" alt=\"\" width=\"640\" height=\"853\" srcset=\"https:\/\/www.maria-koenigin.de\/wordpress\/wp-content\/uploads\/2025\/09\/Irland-6.jpg 640w, https:\/\/www.maria-koenigin.de\/wordpress\/wp-content\/uploads\/2025\/09\/Irland-6-225x300.jpg 225w, https:\/\/www.maria-koenigin.de\/wordpress\/wp-content\/uploads\/2025\/09\/Irland-6-624x832.jpg 624w\" sizes=\"auto, (max-width: 640px) 100vw, 640px\" \/>Die n\u00e4chsten Tage standen ganz im Zeichen des Wassersports. So gingen wir surfen, Kayak fahren, schwimmen und vieles mehr, stets begleitet von wechselhaftem irischem Wetter.\u00a0Am Wochenende erkundeten unsere Sch\u00fclerinnen und Sch\u00fcler gemeinsam mit ihren irischen Partnern die Region Kerry und erlebten dort das ein oder andere Highlight.<\/p>\n<p style=\"text-align: justify;\"><img loading=\"lazy\" decoding=\"async\" class=\"alignright wp-image-16834 size-full\" src=\"http:\/\/www.maria-koenigin.de\/wordpress\/wp-content\/uploads\/2025\/09\/Irland-4.jpg\" alt=\"\" width=\"640\" height=\"853\" srcset=\"https:\/\/www.maria-koenigin.de\/wordpress\/wp-content\/uploads\/2025\/09\/Irland-4.jpg 640w, https:\/\/www.maria-koenigin.de\/wordpress\/wp-content\/uploads\/2025\/09\/Irland-4-225x300.jpg 225w, https:\/\/www.maria-koenigin.de\/wordpress\/wp-content\/uploads\/2025\/09\/Irland-4-624x832.jpg 624w\" sizes=\"auto, (max-width: 640px) 100vw, 640px\" \/>Am Folgetag konnten wir Muchross House, eines der zahlreichen Schl\u00f6sser Irlands in Killarney, besichtigen und so mehr \u00fcber die royale Geschichte Irlands erfahren. Nachmittags blieb zur Freude der Sch\u00fclerinnen und Sch\u00fcler auch Zeit zum ausgiebigen Shopping und zum Genie\u00dfen des Flairs der bunten Innenstadt.<\/p>\n<p style=\"text-align: justify;\"><img loading=\"lazy\" decoding=\"async\" class=\"alignright wp-image-16835 size-full\" src=\"http:\/\/www.maria-koenigin.de\/wordpress\/wp-content\/uploads\/2025\/09\/Irland-5.jpg\" alt=\"\" width=\"640\" height=\"853\" srcset=\"https:\/\/www.maria-koenigin.de\/wordpress\/wp-content\/uploads\/2025\/09\/Irland-5.jpg 640w, https:\/\/www.maria-koenigin.de\/wordpress\/wp-content\/uploads\/2025\/09\/Irland-5-225x300.jpg 225w, https:\/\/www.maria-koenigin.de\/wordpress\/wp-content\/uploads\/2025\/09\/Irland-5-624x832.jpg 624w\" sizes=\"auto, (max-width: 640px) 100vw, 640px\" \/>Am letzten Tag unserer Reise erkundeten wir die Region rund um Listowel und rundeten das Programm mit einer Sporteinheit an unserer Partnerschule St. Michael\u2019s ab. Am Abend konnten sich die Sch\u00fclerinnen und Sch\u00fcler bei einer \u201eFarewell Party\u201c an der St. Joseph\u2019s Schule voneinander verabschieden, bevor am n\u00e4chsten Morgen, nach einer tollen Woche mit vielen neuen Eindr\u00fccken und Freundschaften, die R\u00fcckreise nach Deutschland anstand.<\/p>\n<p style=\"text-align: justify;\"><img loading=\"lazy\" decoding=\"async\" class=\"alignright wp-image-16836 size-full\" src=\"http:\/\/www.maria-koenigin.de\/wordpress\/wp-content\/uploads\/2025\/09\/Irland-2.jpg\" alt=\"\" width=\"640\" height=\"480\" srcset=\"https:\/\/www.maria-koenigin.de\/wordpress\/wp-content\/uploads\/2025\/09\/Irland-2.jpg 640w, https:\/\/www.maria-koenigin.de\/wordpress\/wp-content\/uploads\/2025\/09\/Irland-2-300x225.jpg 300w, https:\/\/www.maria-koenigin.de\/wordpress\/wp-content\/uploads\/2025\/09\/Irland-2-624x468.jpg 624w\" sizes=\"auto, (max-width: 640px) 100vw, 640px\" \/>Doch ganz nach dem Motto: \u201eafter the exchange is before the exchange\u201c, freuen wir uns schon auf Runde 18 im Februar.<\/p>\n<p><em>Annabell Herling und Dorothee Perlicki<\/em><\/p>\n","protected":false},"excerpt":{"rendered":"<p>Bereits 17 Jahre besteht die Freundschaft zwischen den Schulen St. Joseph\u2019s, St. Michael\u2019s in Irland und unserem MK im Sauerland.\u00a0Auch in diesem Jahr machte sich eine Gruppe von 20 interessierten Sch\u00fclerinnen und Sch\u00fclern auf den Weg in ein neues Abenteuer.<\/p>\n","protected":false},"author":7,"featured_media":0,"comment_status":"closed","ping_status":"closed","sticky":false,"template":"","format":"standard","meta":{"ngg_post_thumbnail":0,"footnotes":""},"categories":[4],"tags":[],"class_list":["post-16830","post","type-post","status-publish","format-standard","hentry","category-aktuelles"],"_links":{"self":[{"href":"https:\/\/www.maria-koenigin.de\/index.php?rest_route=\/wp\/v2\/posts\/16830","targetHints":{"allow":["GET"]}}],"collection":[{"href":"https:\/\/www.maria-koenigin.de\/index.php?rest_route=\/wp\/v2\/posts"}],"about":[{"href":"https:\/\/www.maria-koenigin.de\/index.php?rest_route=\/wp\/v2\/types\/post"}],"author":[{"embeddable":true,"href":"https:\/\/www.maria-koenigin.de\/index.php?rest_route=\/wp\/v2\/users\/7"}],"replies":[{"embeddable":true,"href":"https:\/\/www.maria-koenigin.de\/index.php?rest_route=%2Fwp%2Fv2%2Fcomments&post=16830"}],"version-history":[{"count":3,"href":"https:\/\/www.maria-koenigin.de\/index.php?rest_route=\/wp\/v2\/posts\/16830\/revisions"}],"predecessor-version":[{"id":16839,"href":"https:\/\/www.maria-koenigin.de\/index.php?rest_route=\/wp\/v2\/posts\/16830\/revisions\/16839"}],"wp:attachment":[{"href":"https:\/\/www.maria-koenigin.de\/index.php?rest_route=%2Fwp%2Fv2%2Fmedia&parent=16830"}],"wp:term":[{"taxonomy":"category","embeddable":true,"href":"https:\/\/www.maria-koenigin.de\/index.php?rest_route=%2Fwp%2Fv2%2Fcategories&post=16830"},{"taxonomy":"post_tag","embeddable":true,"href":"https:\/\/www.maria-koenigin.de\/index.php?rest_route=%2Fwp%2Fv2%2Ftags&post=16830"}],"curies":[{"name":"wp","href":"https:\/\/api.w.org\/{rel}","templated":true}]}}