{"id":16867,"date":"2025-09-17T17:02:59","date_gmt":"2025-09-17T15:02:59","guid":{"rendered":"https:\/\/www.maria-koenigin.de\/?p=16867"},"modified":"2025-09-17T17:02:59","modified_gmt":"2025-09-17T15:02:59","slug":"politisches-und-unterhaltsames-podium-mit-kandidaten","status":"publish","type":"post","link":"https:\/\/www.maria-koenigin.de\/?p=16867","title":{"rendered":"Politisches und unterhaltsames Podium mit Kandidaten"},"content":{"rendered":"<p style=\"text-align: justify;\"><img loading=\"lazy\" decoding=\"async\" class=\"alignright wp-image-16868 size-full\" src=\"http:\/\/www.maria-koenigin.de\/wordpress\/wp-content\/uploads\/2025\/09\/Posium-Kommunal-1.jpg\" alt=\"\" width=\"640\" height=\"480\" srcset=\"https:\/\/www.maria-koenigin.de\/wordpress\/wp-content\/uploads\/2025\/09\/Posium-Kommunal-1.jpg 640w, https:\/\/www.maria-koenigin.de\/wordpress\/wp-content\/uploads\/2025\/09\/Posium-Kommunal-1-300x225.jpg 300w, https:\/\/www.maria-koenigin.de\/wordpress\/wp-content\/uploads\/2025\/09\/Posium-Kommunal-1-624x468.jpg 624w\" sizes=\"auto, (max-width: 640px) 100vw, 640px\" \/>Am Donnerstag, den 12. September, wurde es im Konferenzsaal des Gymnasiums Maria K\u00f6nigin politisch: Die B\u00fcrgermeisterkandidaten aus Lennestadt und Kirchhundem stellten sich den Fragen der EF- und Q1-Sch\u00fcler. F\u00fcr viele von ihnen ist die Kommunalwahl am kommenden Sonntag die erste Wahl \u2013 umso spannender, die Kandidaten einmal direkt vor sich zu haben.\u00a0Auf dem Podium standen Tobias Puspas (CDU, derzeit B\u00fcrgermeister in Lennestadt), Martin Wagner (parteilos, kandidiert ebenfalls f\u00fcr Lennestadt) und Bj\u00f6rn Jarosz (CDU, B\u00fcrgermeister und einziger Kandidat in Kirchhundem). Gaby Selbach, die dritte Kandidatin in Lennestadt, war verhindert, schickte aber eine pers\u00f6nliche Nachricht an die Sch\u00fcler. Durch die Diskussion f\u00fchrten die Sozialwissenschaftslehrer Manuel Vormweg und Hanna Reuber.<!--more--><\/p>\n<p style=\"text-align: justify;\"><img loading=\"lazy\" decoding=\"async\" class=\"alignright wp-image-16869 size-full\" src=\"http:\/\/www.maria-koenigin.de\/wordpress\/wp-content\/uploads\/2025\/09\/Podium-Kommunal-2.jpg\" alt=\"\" width=\"640\" height=\"480\" srcset=\"https:\/\/www.maria-koenigin.de\/wordpress\/wp-content\/uploads\/2025\/09\/Podium-Kommunal-2.jpg 640w, https:\/\/www.maria-koenigin.de\/wordpress\/wp-content\/uploads\/2025\/09\/Podium-Kommunal-2-300x225.jpg 300w, https:\/\/www.maria-koenigin.de\/wordpress\/wp-content\/uploads\/2025\/09\/Podium-Kommunal-2-624x468.jpg 624w\" sizes=\"auto, (max-width: 640px) 100vw, 640px\" \/>Die 90 Minuten waren alles andere als trocken: Immer wieder gab es Applaus, auch mal lautes Lachen oder Schmunzeln und vor allem viele interessierte Nachfragen. Rund 180 Sch\u00fcler und gleichzeitig Neuw\u00e4hler h\u00f6rten aufmerksam zu, wie die Kandidaten ihre Positionen erkl\u00e4rten und \u00fcber ihre Pl\u00e4ne sprachen.<\/p>\n<p style=\"text-align: justify;\"><img loading=\"lazy\" decoding=\"async\" class=\"alignright wp-image-16870 size-full\" src=\"http:\/\/www.maria-koenigin.de\/wordpress\/wp-content\/uploads\/2025\/09\/Podium-Kommunal-4.jpg\" alt=\"\" width=\"640\" height=\"480\" srcset=\"https:\/\/www.maria-koenigin.de\/wordpress\/wp-content\/uploads\/2025\/09\/Podium-Kommunal-4.jpg 640w, https:\/\/www.maria-koenigin.de\/wordpress\/wp-content\/uploads\/2025\/09\/Podium-Kommunal-4-300x225.jpg 300w, https:\/\/www.maria-koenigin.de\/wordpress\/wp-content\/uploads\/2025\/09\/Podium-Kommunal-4-624x468.jpg 624w\" sizes=\"auto, (max-width: 640px) 100vw, 640px\" \/>Nach einer kurzen Vorstellungsrunde konnten die Sch\u00fcler die Diskutanten nicht nur in Bezug auf ihre politischen Haltungen kennenlernen, sondern auch pers\u00f6nliche Einblicke gewinnen: So erz\u00e4hlten sie, was ihnen in Lennestadt\/Kirchhundem am meisten fehlt oder wie sie den Abend des 14. September verbringen werden \u2013 und gaben damit einen lebendigen Eindruck von ihrer Person, ihrem Werdegang und ihrem Alltag.<\/p>\n<p style=\"text-align: justify;\">W\u00e4hrend der Diskussion stand besonders der Bereich der Schule und Bildung im Mittelpunkt: Sollten kleine Grundschulen in den D\u00f6rfern unbedingt erhalten bleiben? Wie schnell kann die Ganztagsbetreuung ausgebaut werden? Und wie steht es um die Unterst\u00fctzung des Gymnasiums Maria K\u00f6nigin? Auch die Digitalisierung war ein Thema \u2013 immerhin flie\u00dfen gro\u00dfe Summen in Tablets und diverse Ausstattung.<\/p>\n<p style=\"text-align: justify;\"><img loading=\"lazy\" decoding=\"async\" class=\"alignright wp-image-16871 size-full\" src=\"http:\/\/www.maria-koenigin.de\/wordpress\/wp-content\/uploads\/2025\/09\/Podium-Kommunal-3.jpg\" alt=\"\" width=\"640\" height=\"853\" srcset=\"https:\/\/www.maria-koenigin.de\/wordpress\/wp-content\/uploads\/2025\/09\/Podium-Kommunal-3.jpg 640w, https:\/\/www.maria-koenigin.de\/wordpress\/wp-content\/uploads\/2025\/09\/Podium-Kommunal-3-225x300.jpg 225w, https:\/\/www.maria-koenigin.de\/wordpress\/wp-content\/uploads\/2025\/09\/Podium-Kommunal-3-624x832.jpg 624w\" sizes=\"auto, (max-width: 640px) 100vw, 640px\" \/>Danach ging es um Freizeit und Jugend: Alle drei Kandidaten w\u00fcnschen sich mehr Beteiligung junger Leute. Puspas sprach das Jugendparlament an, Wagner betonte die Bedeutung von Vereinen, Jarosz berichtete von Projekten in Kirchhundem.<\/p>\n<p style=\"text-align: justify;\">Zum Schluss durften die Sch\u00fcler selbst ran \u2013 und stellten konkrete Fragen, die sie pers\u00f6nlich betreffen:\u00a0Wann wird der Sportplatz in Oberhundem saniert? Was passiert gegen Leerst\u00e4nde in Altenhundem? Warum gibt es so viele Baustellen gleichzeitig? Und: Sollten Handys an Schulen verboten werden? Bei letzterem Punkt gingen die Meinungen auseinander: Wagner und Jarosz waren eher f\u00fcr Einschr\u00e4nkungen, um mehr pers\u00f6nlichen Austausch zu f\u00f6rdern. Puspas hielt dagegen: Regeln ja, aber kein komplettes Handyverbot.<\/p>\n<p style=\"text-align: justify;\"><img loading=\"lazy\" decoding=\"async\" class=\"alignright wp-image-16873 size-full\" src=\"http:\/\/www.maria-koenigin.de\/wordpress\/wp-content\/uploads\/2025\/09\/Podium-Kommunal-5.jpg\" alt=\"\" width=\"640\" height=\"480\" srcset=\"https:\/\/www.maria-koenigin.de\/wordpress\/wp-content\/uploads\/2025\/09\/Podium-Kommunal-5.jpg 640w, https:\/\/www.maria-koenigin.de\/wordpress\/wp-content\/uploads\/2025\/09\/Podium-Kommunal-5-300x225.jpg 300w, https:\/\/www.maria-koenigin.de\/wordpress\/wp-content\/uploads\/2025\/09\/Podium-Kommunal-5-624x468.jpg 624w\" sizes=\"auto, (max-width: 640px) 100vw, 640px\" \/>Am Ende hielten alle drei Kandidaten ein kurzes Abschlusspl\u00e4doyer. Einig waren sie sich darin, dass besonders die Jugendlichen ihre Stimme nutzen, w\u00e4hlen und sich engagieren sollten. Auch Herr Vormweg schloss sich dem Appell an und bedankte sich im Namen der Schule bei den Kandidaten \u2013 und vor allem bei den Sch\u00fclern f\u00fcr ihr Interesse und ihre aktive Teilnahme.\u00a0Die Podiumsdiskussion war informativ, lebendig und hat gezeigt: Politik kann spannend sein \u2013 vor allem, wenn man die Kandidaten direkt befragen darf.<\/p>\n<p><em>Hanna Reuber (Fotos: Kerstin Sauer und M\u00fcserref Erdogan)<\/em><\/p>\n<p>&nbsp;<\/p>\n","protected":false},"excerpt":{"rendered":"<p>Am Donnerstag, den 12. September, wurde es im Konferenzsaal des Gymnasiums Maria K\u00f6nigin politisch: Die B\u00fcrgermeisterkandidaten aus Lennestadt und Kirchhundem stellten sich den Fragen der EF- und Q1-Sch\u00fcler. F\u00fcr viele von ihnen ist die Kommunalwahl am kommenden Sonntag die erste Wahl \u2013 umso spannender, die Kandidaten einmal direkt vor sich zu haben.\u00a0Auf dem Podium standen [&hellip;]<\/p>\n","protected":false},"author":7,"featured_media":0,"comment_status":"closed","ping_status":"closed","sticky":false,"template":"","format":"standard","meta":{"ngg_post_thumbnail":0,"footnotes":""},"categories":[4],"tags":[],"class_list":["post-16867","post","type-post","status-publish","format-standard","hentry","category-aktuelles"],"_links":{"self":[{"href":"https:\/\/www.maria-koenigin.de\/index.php?rest_route=\/wp\/v2\/posts\/16867","targetHints":{"allow":["GET"]}}],"collection":[{"href":"https:\/\/www.maria-koenigin.de\/index.php?rest_route=\/wp\/v2\/posts"}],"about":[{"href":"https:\/\/www.maria-koenigin.de\/index.php?rest_route=\/wp\/v2\/types\/post"}],"author":[{"embeddable":true,"href":"https:\/\/www.maria-koenigin.de\/index.php?rest_route=\/wp\/v2\/users\/7"}],"replies":[{"embeddable":true,"href":"https:\/\/www.maria-koenigin.de\/index.php?rest_route=%2Fwp%2Fv2%2Fcomments&post=16867"}],"version-history":[{"count":2,"href":"https:\/\/www.maria-koenigin.de\/index.php?rest_route=\/wp\/v2\/posts\/16867\/revisions"}],"predecessor-version":[{"id":16875,"href":"https:\/\/www.maria-koenigin.de\/index.php?rest_route=\/wp\/v2\/posts\/16867\/revisions\/16875"}],"wp:attachment":[{"href":"https:\/\/www.maria-koenigin.de\/index.php?rest_route=%2Fwp%2Fv2%2Fmedia&parent=16867"}],"wp:term":[{"taxonomy":"category","embeddable":true,"href":"https:\/\/www.maria-koenigin.de\/index.php?rest_route=%2Fwp%2Fv2%2Fcategories&post=16867"},{"taxonomy":"post_tag","embeddable":true,"href":"https:\/\/www.maria-koenigin.de\/index.php?rest_route=%2Fwp%2Fv2%2Ftags&post=16867"}],"curies":[{"name":"wp","href":"https:\/\/api.w.org\/{rel}","templated":true}]}}