{"id":16910,"date":"2025-09-29T23:39:53","date_gmt":"2025-09-29T21:39:53","guid":{"rendered":"https:\/\/www.maria-koenigin.de\/?p=16910"},"modified":"2025-09-29T23:39:53","modified_gmt":"2025-09-29T21:39:53","slug":"information-fuer-interessenten-an-der-oberstufe","status":"publish","type":"post","link":"https:\/\/www.maria-koenigin.de\/?p=16910","title":{"rendered":"Information f\u00fcr Interessenten an der Oberstufe"},"content":{"rendered":"<p style=\"text-align: justify;\"><img loading=\"lazy\" decoding=\"async\" class=\"alignright wp-image-16911 size-full\" src=\"http:\/\/www.maria-koenigin.de\/wordpress\/wp-content\/uploads\/2025\/09\/Bild-InfoSIIkl.jpg\" alt=\"\" width=\"640\" height=\"432\" srcset=\"https:\/\/www.maria-koenigin.de\/wordpress\/wp-content\/uploads\/2025\/09\/Bild-InfoSIIkl.jpg 640w, https:\/\/www.maria-koenigin.de\/wordpress\/wp-content\/uploads\/2025\/09\/Bild-InfoSIIkl-300x203.jpg 300w, https:\/\/www.maria-koenigin.de\/wordpress\/wp-content\/uploads\/2025\/09\/Bild-InfoSIIkl-624x421.jpg 624w\" sizes=\"auto, (max-width: 640px) 100vw, 640px\" \/>Am Donnerstag, den 09.10.2025, findet um 13:30 Uhr im Konferenzsaal die allj\u00e4hrliche Information zur Oberstufe an MK f\u00fcr interessierte Sch\u00fclerinnen und Sch\u00fcler anderer Schulen sowie deren Eltern statt. Das Angebot richtet sich an alle interessierten Sch\u00fclerinnen und Sch\u00fclern, die aktuell eine andere Schule besuchen und nach dem Abschluss der Klasse 10 mit Q-Vermerk, das Abitur, anstreben.<!--more--><\/p>\n<p style=\"text-align: justify;\">Nach der Begr\u00fc\u00dfung und der kurzen Vorstellung der Schule durch Herrn Borys \u00fcbernimmt der Oberstufenkoordinator Herr Quast das weitere Programm und leitete euch\/Sie durch die Veranstaltung. Damit auch und besonders die Sch\u00fclersicht auf das Thema \u201eGymnasiale Oberstufe als Seiteneinsteigen\u201c behandelt werden kann, werden ebenfalls Sch\u00fclerinnen und Sch\u00fcler der EF und Q1 anwesend sein und von ihren Erfahrungen an MK berichten. Anschlie\u00dfend k\u00f6nnt ihr bzw. k\u00f6nnen Sie auch die Schule ein wenig kennenlernen, indem ihr\/sie in mehreren kleinen Gruppen von den Beratungslehrern der zuk\u00fcnftigen EF herumgef\u00fchrt werdet. Zum Abschluss folgenden noch allgemeine Information zu den F\u00e4chern und Wahlen in der Oberstufe, so dass ihr als potentielle Seiteneinsteiger einen ersten Eindruck der M\u00f6glichkeiten gewinnen k\u00f6nnt und wir dann hoffentlich viele von euch im n\u00e4chsten Schuljahr am Gymnasium Maria K\u00f6nigin begr\u00fc\u00dfen d\u00fcrfen.<\/p>\n","protected":false},"excerpt":{"rendered":"<p>Am Donnerstag, den 09.10.2025, findet um 13:30 Uhr im Konferenzsaal die allj\u00e4hrliche Information zur Oberstufe an MK f\u00fcr interessierte Sch\u00fclerinnen und Sch\u00fcler anderer Schulen sowie deren Eltern statt. Das Angebot richtet sich an alle interessierten Sch\u00fclerinnen und Sch\u00fclern, die aktuell eine andere Schule besuchen und nach dem Abschluss der Klasse 10 mit Q-Vermerk, das Abitur, [&hellip;]<\/p>\n","protected":false},"author":7,"featured_media":0,"comment_status":"closed","ping_status":"closed","sticky":false,"template":"","format":"standard","meta":{"ngg_post_thumbnail":0,"footnotes":""},"categories":[4],"tags":[],"class_list":["post-16910","post","type-post","status-publish","format-standard","hentry","category-aktuelles"],"_links":{"self":[{"href":"https:\/\/www.maria-koenigin.de\/index.php?rest_route=\/wp\/v2\/posts\/16910","targetHints":{"allow":["GET"]}}],"collection":[{"href":"https:\/\/www.maria-koenigin.de\/index.php?rest_route=\/wp\/v2\/posts"}],"about":[{"href":"https:\/\/www.maria-koenigin.de\/index.php?rest_route=\/wp\/v2\/types\/post"}],"author":[{"embeddable":true,"href":"https:\/\/www.maria-koenigin.de\/index.php?rest_route=\/wp\/v2\/users\/7"}],"replies":[{"embeddable":true,"href":"https:\/\/www.maria-koenigin.de\/index.php?rest_route=%2Fwp%2Fv2%2Fcomments&post=16910"}],"version-history":[{"count":1,"href":"https:\/\/www.maria-koenigin.de\/index.php?rest_route=\/wp\/v2\/posts\/16910\/revisions"}],"predecessor-version":[{"id":16912,"href":"https:\/\/www.maria-koenigin.de\/index.php?rest_route=\/wp\/v2\/posts\/16910\/revisions\/16912"}],"wp:attachment":[{"href":"https:\/\/www.maria-koenigin.de\/index.php?rest_route=%2Fwp%2Fv2%2Fmedia&parent=16910"}],"wp:term":[{"taxonomy":"category","embeddable":true,"href":"https:\/\/www.maria-koenigin.de\/index.php?rest_route=%2Fwp%2Fv2%2Fcategories&post=16910"},{"taxonomy":"post_tag","embeddable":true,"href":"https:\/\/www.maria-koenigin.de\/index.php?rest_route=%2Fwp%2Fv2%2Ftags&post=16910"}],"curies":[{"name":"wp","href":"https:\/\/api.w.org\/{rel}","templated":true}]}}