{"id":16914,"date":"2025-10-07T07:00:14","date_gmt":"2025-10-07T05:00:14","guid":{"rendered":"https:\/\/www.maria-koenigin.de\/?p=16914"},"modified":"2025-10-04T18:40:19","modified_gmt":"2025-10-04T16:40:19","slug":"studienreise-der-q2-in-die-toskana","status":"publish","type":"post","link":"https:\/\/www.maria-koenigin.de\/?p=16914","title":{"rendered":"Studienreise der Q2 in die Toskana"},"content":{"rendered":"<p style=\"text-align: justify;\"><img loading=\"lazy\" decoding=\"async\" class=\"alignright wp-image-16915 size-full\" src=\"http:\/\/www.maria-koenigin.de\/wordpress\/wp-content\/uploads\/2025\/10\/Toskana-2.jpg\" alt=\"\" width=\"640\" height=\"446\" srcset=\"https:\/\/www.maria-koenigin.de\/wordpress\/wp-content\/uploads\/2025\/10\/Toskana-2.jpg 640w, https:\/\/www.maria-koenigin.de\/wordpress\/wp-content\/uploads\/2025\/10\/Toskana-2-300x209.jpg 300w, https:\/\/www.maria-koenigin.de\/wordpress\/wp-content\/uploads\/2025\/10\/Toskana-2-624x435.jpg 624w\" sizes=\"auto, (max-width: 640px) 100vw, 640px\" \/>Zu Beginn des Schuljahres unternahmen wir mit der Q2 geb\u00fcndelt eine eindrucksvolle Studienreise in die Toskana sowie an die ligurische K\u00fcste zu den Cinque Terre. Ziel der Reise war es, die kulturellen, historischen und landschaftlichen Besonderheiten dieser Regionen Italiens kennenzulernen. Die Reise f\u00fchrte uns unter anderem nach Florenz, Siena, Lucca, San Gimignano und in die malerischen D\u00f6rfer der Cinque Terre.<!--more--><\/p>\n<p style=\"text-align: justify;\">Montecatini Terme \u2013 Entspannter Ausgangspunkt<\/p>\n<p style=\"text-align: justify;\">Montecatini Terme diente uns als komfortabler Ausgangspunkt f\u00fcr die t\u00e4glichen Exkursionen. Der traditionsreiche Kurort, bekannt f\u00fcr seine Thermalquellen und die elegante Architektur der Belle \u00c9poque, bot eine angenehme Atmosph\u00e4re zur Erholung nach den Tagesprogrammen. Viele von uns nutzten die Gelegenheit zu einem Spaziergang durch den gepflegten Kurpark oder zu einer Fahrt mit der historischen Standseilbahn nach Montecatini Alto, dem mittelalterlichen Ortsteil auf dem H\u00fcgel.<\/p>\n<p style=\"text-align: justify;\">Florenz \u2013 Die Wiege der Renaissance<\/p>\n<p style=\"text-align: justify;\">An zwei Tagen unserer Reise waren wir in Florenz, eine Stadt, die wie kaum eine andere f\u00fcr Kunst, Architektur und Geschichte steht. Ein Highlight war der Besuch der Kathedrale Santa Maria del Fiore mit ihrer imposanten Kuppel von Brunelleschi. Auch der Campanile von Giotto und das Baptisterium San Giovanni beeindruckten durch ihre kunstvolle Fassade und reiche Geschichte. Ein Spaziergang \u00fcber die ber\u00fchmte Ponte Vecchio und durch die Gassen der Altstadt rundete unseren ersten Aufenthalt in Florenz ab.<\/p>\n<p style=\"text-align: justify;\"><img loading=\"lazy\" decoding=\"async\" class=\"alignright wp-image-16916 size-full\" src=\"http:\/\/www.maria-koenigin.de\/wordpress\/wp-content\/uploads\/2025\/10\/Toskana-4.jpg\" alt=\"\" width=\"640\" height=\"853\" srcset=\"https:\/\/www.maria-koenigin.de\/wordpress\/wp-content\/uploads\/2025\/10\/Toskana-4.jpg 640w, https:\/\/www.maria-koenigin.de\/wordpress\/wp-content\/uploads\/2025\/10\/Toskana-4-225x300.jpg 225w, https:\/\/www.maria-koenigin.de\/wordpress\/wp-content\/uploads\/2025\/10\/Toskana-4-624x832.jpg 624w\" sizes=\"auto, (max-width: 640px) 100vw, 640px\" \/>Bei unserem zweiten Besuch in Florenz besuchten wir u.a. die Uffizien, eines der bedeutendsten Kunstmuseen der Welt, um dort die Meisterwerke von Botticelli, Michelangelo und Leonardo da Vinci zu bestaunten.<\/p>\n<p style=\"text-align: justify;\">Siena \u2013 Mittelalterliche Pracht<\/p>\n<p style=\"text-align: justify;\"><img loading=\"lazy\" decoding=\"async\" class=\"alignright wp-image-16917 size-full\" src=\"http:\/\/www.maria-koenigin.de\/wordpress\/wp-content\/uploads\/2025\/10\/Toskana-5.jpg\" alt=\"\" width=\"640\" height=\"853\" srcset=\"https:\/\/www.maria-koenigin.de\/wordpress\/wp-content\/uploads\/2025\/10\/Toskana-5.jpg 640w, https:\/\/www.maria-koenigin.de\/wordpress\/wp-content\/uploads\/2025\/10\/Toskana-5-225x300.jpg 225w, https:\/\/www.maria-koenigin.de\/wordpress\/wp-content\/uploads\/2025\/10\/Toskana-5-624x832.jpg 624w\" sizes=\"auto, (max-width: 640px) 100vw, 640px\" \/>In Siena tauchten wir tief in das mittelalterliche Italien ein. Besonders beeindruckend war die Piazza del Campo, einer der sch\u00f6nsten Pl\u00e4tze Europas, auf dem zweimal j\u00e4hrlich das traditionsreiche Pferderennen Palio di Siena stattfindet.\u00a0Der Dom von Siena, mit seiner schwarz-wei\u00df gestreiften Fassade und dem kunstvoll gestalteten Innenraum, war ein weiteres architektonisches Highlight.<\/p>\n<p style=\"text-align: justify;\">\u00a0Lucca \u2013 Stadt der T\u00fcrme und Mauern<\/p>\n<p style=\"text-align: justify;\"><img loading=\"lazy\" decoding=\"async\" class=\"alignright wp-image-16918 size-full\" src=\"http:\/\/www.maria-koenigin.de\/wordpress\/wp-content\/uploads\/2025\/10\/Toskana1.jpg\" alt=\"\" width=\"640\" height=\"853\" srcset=\"https:\/\/www.maria-koenigin.de\/wordpress\/wp-content\/uploads\/2025\/10\/Toskana1.jpg 640w, https:\/\/www.maria-koenigin.de\/wordpress\/wp-content\/uploads\/2025\/10\/Toskana1-225x300.jpg 225w, https:\/\/www.maria-koenigin.de\/wordpress\/wp-content\/uploads\/2025\/10\/Toskana1-624x832.jpg 624w\" sizes=\"auto, (max-width: 640px) 100vw, 640px\" \/>Lucca pr\u00e4sentierte sich als charmante Stadt mit gut erhaltener Stadtmauer, die heute als Spazierweg dient. Der Rundgang \u00fcber die alte Stadtbefestigung erm\u00f6glichte einen besonderen Blick auf die Stadt und ihre Umgebung. Zu den Sehensw\u00fcrdigkeiten z\u00e4hlten die San Michele in Foro und die Kathedrale San Martino. Besonders einpr\u00e4gsam war der Torre Guinigi, ein Turm mit einer kleinen Baumkrone auf dem Dach \u2013 ein Symbol f\u00fcr Luccas historische Eigenheiten.<\/p>\n<p style=\"text-align: justify;\">San Gimignano \u2013 Das Manhattan des Mittelalters<\/p>\n<p style=\"text-align: justify;\">San Gimignano, bekannt f\u00fcr seine mittelalterlichen T\u00fcrme, wird oft als \u201eManhattan des Mittelalters\u201c bezeichnet. Die gut erhaltene Altstadt mit ihren engen Gassen, Pl\u00e4tzen und Wehrt\u00fcrmen bot einen faszinierenden Einblick in die Vergangenheit.<\/p>\n<p style=\"text-align: justify;\">Ein H\u00f6hepunkt war f\u00fcr einige der Blick vom Torre Grossa, dem h\u00f6chsten Turm der Stadt, sowie der Besuch der Collegiata di Santa Maria Assunta mit ihren eindrucksvollen Fresken. Nat\u00fcrlich durfte auch ein Eis von der weltber\u00fchmten Gelateria Dondoli nicht fehlen.<\/p>\n<p style=\"text-align: justify;\">Pisa \u2013 Mehr als nur ein schiefer Turm<\/p>\n<p style=\"text-align: justify;\"><img loading=\"lazy\" decoding=\"async\" class=\"alignright wp-image-16919 size-full\" src=\"http:\/\/www.maria-koenigin.de\/wordpress\/wp-content\/uploads\/2025\/10\/Toskana-3.jpg\" alt=\"\" width=\"640\" height=\"853\" srcset=\"https:\/\/www.maria-koenigin.de\/wordpress\/wp-content\/uploads\/2025\/10\/Toskana-3.jpg 640w, https:\/\/www.maria-koenigin.de\/wordpress\/wp-content\/uploads\/2025\/10\/Toskana-3-225x300.jpg 225w, https:\/\/www.maria-koenigin.de\/wordpress\/wp-content\/uploads\/2025\/10\/Toskana-3-624x832.jpg 624w\" sizes=\"auto, (max-width: 640px) 100vw, 640px\" \/>Ein weiterer H\u00f6hepunkt der Reise war der Besuch von Pisa. Ber\u00fchmt ist die Stadt vor allem durch den Schiefen Turm, der Teil des monumentalen Ensembles auf der Piazza dei Miracoli ist. Neben dem Campanile besichtigten wir auch das prachtvolle Baptisterium und den eindrucks-vollen Dom Santa Maria Assunta.<\/p>\n<p style=\"text-align: justify;\">Der Platz beeindruckte durch seine Harmonie und seine historische Bedeutung. Abseits der bekannten Sehensw\u00fcrdigkeiten erkundeten wir auch Teile der Altstadt, die mit studentischem Flair, lebendigen Pl\u00e4tzen und kleinen Caf\u00e9s zum Verweilen einlud.<\/p>\n<p style=\"text-align: justify;\">Cinque Terre \u2013 Farbenfrohe D\u00f6rfer an der K\u00fcste<\/p>\n<p style=\"text-align: justify;\"><img loading=\"lazy\" decoding=\"async\" class=\"alignright wp-image-16920 size-full\" src=\"http:\/\/www.maria-koenigin.de\/wordpress\/wp-content\/uploads\/2025\/10\/Toskana-6.jpg\" alt=\"\" width=\"640\" height=\"480\" srcset=\"https:\/\/www.maria-koenigin.de\/wordpress\/wp-content\/uploads\/2025\/10\/Toskana-6.jpg 640w, https:\/\/www.maria-koenigin.de\/wordpress\/wp-content\/uploads\/2025\/10\/Toskana-6-300x225.jpg 300w, https:\/\/www.maria-koenigin.de\/wordpress\/wp-content\/uploads\/2025\/10\/Toskana-6-624x468.jpg 624w\" sizes=\"auto, (max-width: 640px) 100vw, 640px\" \/>Am vorletzten Tag f\u00fchrte uns die Reise in die Cinque Terre, eine Gruppe von f\u00fcnf malerischen D\u00f6rfern an der ligurischen Steilk\u00fcste: Monterosso, Vernazza, Corniglia, Manarola und Riomaggiore.<\/p>\n<p style=\"text-align: justify;\">Jedes Dorf hatte seinen eigenen Charme, mit bunten H\u00e4usern, kleinen H\u00e4fen und terrassierten Weinbergen. Wir erkundeten Teile des bekannten Wanderwegs \u201eSentiero Azzurro\u201c, der die D\u00f6rfer miteinander verbindet, und genossen spektakul\u00e4re Ausblicke auf das Meer und die K\u00fcstenlandschaft.<\/p>\n<p style=\"text-align: justify;\">Die Studienreise in die Toskana und Cinque Terre war eine bereichernde Erfahrung voller kultureller H\u00f6hepunkte, landschaftlicher Sch\u00f6nheit und kulinarischer Gen\u00fcsse. Die Kombination aus Geschichte, Kunst und Natur machte diese Reise zu einem unvergesslichen Erlebnis und hat unseren Horizont nachhaltig erweitert.<\/p>\n<p><em>Timo Quast und Christiane Schell<\/em><\/p>\n","protected":false},"excerpt":{"rendered":"<p>Zu Beginn des Schuljahres unternahmen wir mit der Q2 geb\u00fcndelt eine eindrucksvolle Studienreise in die Toskana sowie an die ligurische K\u00fcste zu den Cinque Terre. Ziel der Reise war es, die kulturellen, historischen und landschaftlichen Besonderheiten dieser Regionen Italiens kennenzulernen. Die Reise f\u00fchrte uns unter anderem nach Florenz, Siena, Lucca, San Gimignano und in die [&hellip;]<\/p>\n","protected":false},"author":7,"featured_media":0,"comment_status":"closed","ping_status":"closed","sticky":false,"template":"","format":"standard","meta":{"ngg_post_thumbnail":0,"footnotes":""},"categories":[4],"tags":[],"class_list":["post-16914","post","type-post","status-publish","format-standard","hentry","category-aktuelles"],"_links":{"self":[{"href":"https:\/\/www.maria-koenigin.de\/index.php?rest_route=\/wp\/v2\/posts\/16914","targetHints":{"allow":["GET"]}}],"collection":[{"href":"https:\/\/www.maria-koenigin.de\/index.php?rest_route=\/wp\/v2\/posts"}],"about":[{"href":"https:\/\/www.maria-koenigin.de\/index.php?rest_route=\/wp\/v2\/types\/post"}],"author":[{"embeddable":true,"href":"https:\/\/www.maria-koenigin.de\/index.php?rest_route=\/wp\/v2\/users\/7"}],"replies":[{"embeddable":true,"href":"https:\/\/www.maria-koenigin.de\/index.php?rest_route=%2Fwp%2Fv2%2Fcomments&post=16914"}],"version-history":[{"count":1,"href":"https:\/\/www.maria-koenigin.de\/index.php?rest_route=\/wp\/v2\/posts\/16914\/revisions"}],"predecessor-version":[{"id":16921,"href":"https:\/\/www.maria-koenigin.de\/index.php?rest_route=\/wp\/v2\/posts\/16914\/revisions\/16921"}],"wp:attachment":[{"href":"https:\/\/www.maria-koenigin.de\/index.php?rest_route=%2Fwp%2Fv2%2Fmedia&parent=16914"}],"wp:term":[{"taxonomy":"category","embeddable":true,"href":"https:\/\/www.maria-koenigin.de\/index.php?rest_route=%2Fwp%2Fv2%2Fcategories&post=16914"},{"taxonomy":"post_tag","embeddable":true,"href":"https:\/\/www.maria-koenigin.de\/index.php?rest_route=%2Fwp%2Fv2%2Ftags&post=16914"}],"curies":[{"name":"wp","href":"https:\/\/api.w.org\/{rel}","templated":true}]}}