{"id":16922,"date":"2025-10-10T07:00:19","date_gmt":"2025-10-10T05:00:19","guid":{"rendered":"https:\/\/www.maria-koenigin.de\/?p=16922"},"modified":"2025-10-04T18:48:56","modified_gmt":"2025-10-04T16:48:56","slug":"verkehrssicherheitstag-fuer-die-q2","status":"publish","type":"post","link":"https:\/\/www.maria-koenigin.de\/?p=16922","title":{"rendered":"Verkehrssicherheitstag f\u00fcr die Q2"},"content":{"rendered":"<p style=\"text-align: justify;\"><img loading=\"lazy\" decoding=\"async\" class=\"alignright wp-image-16923 size-full\" src=\"http:\/\/www.maria-koenigin.de\/wordpress\/wp-content\/uploads\/2025\/10\/Verkehrssicherheit-1kl.jpg\" alt=\"\" width=\"640\" height=\"480\" srcset=\"https:\/\/www.maria-koenigin.de\/wordpress\/wp-content\/uploads\/2025\/10\/Verkehrssicherheit-1kl.jpg 640w, https:\/\/www.maria-koenigin.de\/wordpress\/wp-content\/uploads\/2025\/10\/Verkehrssicherheit-1kl-300x225.jpg 300w, https:\/\/www.maria-koenigin.de\/wordpress\/wp-content\/uploads\/2025\/10\/Verkehrssicherheit-1kl-624x468.jpg 624w\" sizes=\"auto, (max-width: 640px) 100vw, 640px\" \/>Zu Beginn des Schuljahres fand auf dem Gel\u00e4nde der Griesemert in Olpe f\u00fcr die Q2 eine vielseitige und praxisorientierte Verkehrssicherheitsveranstaltung statt. Organisiert wurde die Veranstaltung u.a. von der Polizei und Feuerwehr Olpe und weiteren Organisationen des Kreises mit dem Ziel, Sch\u00fclerinnen und Sch\u00fclern den sicheren Umgang mit Gefahrensituationen und Rettungstechniken n\u00e4her zu bringen, sie zu sensibilisieren und Wissen bez\u00fcglich der Sicherheit im Stra\u00dfenverkehr zu vermitteln.<!--more--><\/p>\n<p style=\"text-align: justify;\"><img loading=\"lazy\" decoding=\"async\" class=\"alignright wp-image-16924 size-full\" src=\"http:\/\/www.maria-koenigin.de\/wordpress\/wp-content\/uploads\/2025\/10\/Verkehrssicherheit-2kl.jpg\" alt=\"\" width=\"640\" height=\"853\" srcset=\"https:\/\/www.maria-koenigin.de\/wordpress\/wp-content\/uploads\/2025\/10\/Verkehrssicherheit-2kl.jpg 640w, https:\/\/www.maria-koenigin.de\/wordpress\/wp-content\/uploads\/2025\/10\/Verkehrssicherheit-2kl-225x300.jpg 225w, https:\/\/www.maria-koenigin.de\/wordpress\/wp-content\/uploads\/2025\/10\/Verkehrssicherheit-2kl-624x832.jpg 624w\" sizes=\"auto, (max-width: 640px) 100vw, 640px\" \/>Besonders im Fokus stand dabei das richtige Verhalten in Extremsituationen, das Erkennen und Minimieren von Risiken, sowie das eindringliche Bewusstmachen sich an die bekannten Regeln zu halten.<\/p>\n<p><em>Christiane Schell und Timo Quast<\/em><\/p>\n","protected":false},"excerpt":{"rendered":"<p>Zu Beginn des Schuljahres fand auf dem Gel\u00e4nde der Griesemert in Olpe f\u00fcr die Q2 eine vielseitige und praxisorientierte Verkehrssicherheitsveranstaltung statt. Organisiert wurde die Veranstaltung u.a. von der Polizei und Feuerwehr Olpe und weiteren Organisationen des Kreises mit dem Ziel, Sch\u00fclerinnen und Sch\u00fclern den sicheren Umgang mit Gefahrensituationen und Rettungstechniken n\u00e4her zu bringen, sie zu [&hellip;]<\/p>\n","protected":false},"author":7,"featured_media":0,"comment_status":"closed","ping_status":"closed","sticky":false,"template":"","format":"standard","meta":{"ngg_post_thumbnail":0,"footnotes":""},"categories":[4],"tags":[],"class_list":["post-16922","post","type-post","status-publish","format-standard","hentry","category-aktuelles"],"_links":{"self":[{"href":"https:\/\/www.maria-koenigin.de\/index.php?rest_route=\/wp\/v2\/posts\/16922","targetHints":{"allow":["GET"]}}],"collection":[{"href":"https:\/\/www.maria-koenigin.de\/index.php?rest_route=\/wp\/v2\/posts"}],"about":[{"href":"https:\/\/www.maria-koenigin.de\/index.php?rest_route=\/wp\/v2\/types\/post"}],"author":[{"embeddable":true,"href":"https:\/\/www.maria-koenigin.de\/index.php?rest_route=\/wp\/v2\/users\/7"}],"replies":[{"embeddable":true,"href":"https:\/\/www.maria-koenigin.de\/index.php?rest_route=%2Fwp%2Fv2%2Fcomments&post=16922"}],"version-history":[{"count":1,"href":"https:\/\/www.maria-koenigin.de\/index.php?rest_route=\/wp\/v2\/posts\/16922\/revisions"}],"predecessor-version":[{"id":16925,"href":"https:\/\/www.maria-koenigin.de\/index.php?rest_route=\/wp\/v2\/posts\/16922\/revisions\/16925"}],"wp:attachment":[{"href":"https:\/\/www.maria-koenigin.de\/index.php?rest_route=%2Fwp%2Fv2%2Fmedia&parent=16922"}],"wp:term":[{"taxonomy":"category","embeddable":true,"href":"https:\/\/www.maria-koenigin.de\/index.php?rest_route=%2Fwp%2Fv2%2Fcategories&post=16922"},{"taxonomy":"post_tag","embeddable":true,"href":"https:\/\/www.maria-koenigin.de\/index.php?rest_route=%2Fwp%2Fv2%2Ftags&post=16922"}],"curies":[{"name":"wp","href":"https:\/\/api.w.org\/{rel}","templated":true}]}}