{"id":16944,"date":"2025-10-07T18:41:08","date_gmt":"2025-10-07T16:41:08","guid":{"rendered":"https:\/\/www.maria-koenigin.de\/?p=16944"},"modified":"2025-10-07T18:41:08","modified_gmt":"2025-10-07T16:41:08","slug":"zur-gemeinschaft-geworden-orientierungstage-der-ef","status":"publish","type":"post","link":"https:\/\/www.maria-koenigin.de\/?p=16944","title":{"rendered":"Zur Gemeinschaft geworden \u2013 Orientierungstage der EF"},"content":{"rendered":"<p><img loading=\"lazy\" decoding=\"async\" class=\"alignright wp-image-16945 size-full\" src=\"http:\/\/www.maria-koenigin.de\/wordpress\/wp-content\/uploads\/2025\/10\/TdO-Kenenlernenkl.jpg\" alt=\"\" width=\"640\" height=\"480\" srcset=\"https:\/\/www.maria-koenigin.de\/wordpress\/wp-content\/uploads\/2025\/10\/TdO-Kenenlernenkl.jpg 640w, https:\/\/www.maria-koenigin.de\/wordpress\/wp-content\/uploads\/2025\/10\/TdO-Kenenlernenkl-300x225.jpg 300w, https:\/\/www.maria-koenigin.de\/wordpress\/wp-content\/uploads\/2025\/10\/TdO-Kenenlernenkl-624x468.jpg 624w\" sizes=\"auto, (max-width: 640px) 100vw, 640px\" \/>Zum Einstieg in die Oberstufe fanden auch in diesem Jahr wieder Orientierungstage im Musikbildungszentrum Bad Fredeburg statt. Ein Team ehemaliger Sch\u00fclerinnen und Sch\u00fcler gestalteten vier intensive Tage f\u00fcr die 84 Sch\u00fcler der EF. \u00a0\u00a0Elmedina Muja stellt ihre Eindr\u00fccke dar: \u00a0\u00a0\u00a0 <!--more--><\/p>\n<p><img loading=\"lazy\" decoding=\"async\" class=\"alignright wp-image-16946 size-full\" src=\"http:\/\/www.maria-koenigin.de\/wordpress\/wp-content\/uploads\/2025\/10\/TdO-Spielkl.jpg\" alt=\"\" width=\"640\" height=\"480\" srcset=\"https:\/\/www.maria-koenigin.de\/wordpress\/wp-content\/uploads\/2025\/10\/TdO-Spielkl.jpg 640w, https:\/\/www.maria-koenigin.de\/wordpress\/wp-content\/uploads\/2025\/10\/TdO-Spielkl-300x225.jpg 300w, https:\/\/www.maria-koenigin.de\/wordpress\/wp-content\/uploads\/2025\/10\/TdO-Spielkl-624x468.jpg 624w\" sizes=\"auto, (max-width: 640px) 100vw, 640px\" \/>\u201eDie Orientierungstage waren wie eine kleine Reise. Wir alle sind unterwegs, und zwar auf dem Weg ins Leben, in die Zukunft, in eine Zeit, wo viele Dinge neu und unsicher erscheinen. Und manchmal ist es nicht so leicht, den eigenen Weg zu finden. Wir haben in den letzten Tagen viel Zeit miteinander verbracht, verbunden mit einigen neuen Erkenntnissen. Viele haben sich mal von einer anderen Seite gezeigt, Emotionen ausgedr\u00fcckt und sich auch getraut, ein bisschen aus ihrem Schatten zu kommen.<\/p>\n<p><img loading=\"lazy\" decoding=\"async\" class=\"alignright wp-image-16949 size-full\" src=\"http:\/\/www.maria-koenigin.de\/wordpress\/wp-content\/uploads\/2025\/10\/TdO-Berufekl.jpg\" alt=\"\" width=\"640\" height=\"480\" srcset=\"https:\/\/www.maria-koenigin.de\/wordpress\/wp-content\/uploads\/2025\/10\/TdO-Berufekl.jpg 640w, https:\/\/www.maria-koenigin.de\/wordpress\/wp-content\/uploads\/2025\/10\/TdO-Berufekl-300x225.jpg 300w, https:\/\/www.maria-koenigin.de\/wordpress\/wp-content\/uploads\/2025\/10\/TdO-Berufekl-624x468.jpg 624w\" sizes=\"auto, (max-width: 640px) 100vw, 640px\" \/>Wir haben gemerkt, dass keiner allein mit seinen Problemen ist. Manche f\u00fchlen sich einsam. Manchen geht es schlechter als man vielleicht denkt. Doch durch die Gespr\u00e4che, die Spiele bzw. \u00dcbungen und die Zeit in Bad Fredeburg haben wir uns besser kennengelernt, mehr Vertrauen aufgebaut und gemerkt:<\/p>\n<p><img loading=\"lazy\" decoding=\"async\" class=\"alignright wp-image-16947 size-full\" src=\"http:\/\/www.maria-koenigin.de\/wordpress\/wp-content\/uploads\/2025\/10\/TdO-Gruppekl.jpg\" alt=\"\" width=\"640\" height=\"324\" srcset=\"https:\/\/www.maria-koenigin.de\/wordpress\/wp-content\/uploads\/2025\/10\/TdO-Gruppekl.jpg 640w, https:\/\/www.maria-koenigin.de\/wordpress\/wp-content\/uploads\/2025\/10\/TdO-Gruppekl-300x152.jpg 300w, https:\/\/www.maria-koenigin.de\/wordpress\/wp-content\/uploads\/2025\/10\/TdO-Gruppekl-624x316.jpg 624w\" sizes=\"auto, (max-width: 640px) 100vw, 640px\" \/>WIR SIND EINE GEMEINSCHAFT!<\/p>\n<p>Bad Fredeburg war f\u00fcr viele ein Ort, an dem man sich sicher f\u00fchlen konnte. Ein Ort, wo man mal loslassen, weinen oder \u00fcber ernste Themen reden konnte. Neue Freundschaften sind entstanden, alte sind st\u00e4rker geworden. Wir haben gelernt, dass wir nicht allein sind, dass die anderen dieselben Probleme haben und dass man sich gegenseitig helfen kann. Orientierung hei\u00dft nicht, sofort alle Antworten zu haben. Orientierung hei\u00dft, mutig zu sein, Neues auszuprobieren, sich selbst besser kennenzulernen und auf andere zu achten.<\/p>\n<p><img loading=\"lazy\" decoding=\"async\" class=\"alignright wp-image-16948 size-full\" src=\"http:\/\/www.maria-koenigin.de\/wordpress\/wp-content\/uploads\/2025\/10\/TdO-Rudernkl.jpg\" alt=\"\" width=\"640\" height=\"853\" srcset=\"https:\/\/www.maria-koenigin.de\/wordpress\/wp-content\/uploads\/2025\/10\/TdO-Rudernkl.jpg 640w, https:\/\/www.maria-koenigin.de\/wordpress\/wp-content\/uploads\/2025\/10\/TdO-Rudernkl-225x300.jpg 225w, https:\/\/www.maria-koenigin.de\/wordpress\/wp-content\/uploads\/2025\/10\/TdO-Rudernkl-624x832.jpg 624w\" sizes=\"auto, (max-width: 640px) 100vw, 640px\" \/>Wir nehmen mit: Wir sind nicht allein, wir k\u00f6nnen uns gegenseitig Halt geben. Zusammen sind wir st\u00e4rker. Das gibt uns Mut f\u00fcr alles, was noch kommt.\u201c<\/p>\n<p><em>Elmedina Muja, EF<\/em><\/p>\n<p>&nbsp;<\/p>\n","protected":false},"excerpt":{"rendered":"<p>Zum Einstieg in die Oberstufe fanden auch in diesem Jahr wieder Orientierungstage im Musikbildungszentrum Bad Fredeburg statt. Ein Team ehemaliger Sch\u00fclerinnen und Sch\u00fcler gestalteten vier intensive Tage f\u00fcr die 84 Sch\u00fcler der EF. \u00a0\u00a0Elmedina Muja stellt ihre Eindr\u00fccke dar: \u00a0\u00a0\u00a0<\/p>\n","protected":false},"author":7,"featured_media":0,"comment_status":"closed","ping_status":"closed","sticky":false,"template":"","format":"standard","meta":{"ngg_post_thumbnail":0,"footnotes":""},"categories":[4],"tags":[],"class_list":["post-16944","post","type-post","status-publish","format-standard","hentry","category-aktuelles"],"_links":{"self":[{"href":"https:\/\/www.maria-koenigin.de\/index.php?rest_route=\/wp\/v2\/posts\/16944","targetHints":{"allow":["GET"]}}],"collection":[{"href":"https:\/\/www.maria-koenigin.de\/index.php?rest_route=\/wp\/v2\/posts"}],"about":[{"href":"https:\/\/www.maria-koenigin.de\/index.php?rest_route=\/wp\/v2\/types\/post"}],"author":[{"embeddable":true,"href":"https:\/\/www.maria-koenigin.de\/index.php?rest_route=\/wp\/v2\/users\/7"}],"replies":[{"embeddable":true,"href":"https:\/\/www.maria-koenigin.de\/index.php?rest_route=%2Fwp%2Fv2%2Fcomments&post=16944"}],"version-history":[{"count":2,"href":"https:\/\/www.maria-koenigin.de\/index.php?rest_route=\/wp\/v2\/posts\/16944\/revisions"}],"predecessor-version":[{"id":16951,"href":"https:\/\/www.maria-koenigin.de\/index.php?rest_route=\/wp\/v2\/posts\/16944\/revisions\/16951"}],"wp:attachment":[{"href":"https:\/\/www.maria-koenigin.de\/index.php?rest_route=%2Fwp%2Fv2%2Fmedia&parent=16944"}],"wp:term":[{"taxonomy":"category","embeddable":true,"href":"https:\/\/www.maria-koenigin.de\/index.php?rest_route=%2Fwp%2Fv2%2Fcategories&post=16944"},{"taxonomy":"post_tag","embeddable":true,"href":"https:\/\/www.maria-koenigin.de\/index.php?rest_route=%2Fwp%2Fv2%2Ftags&post=16944"}],"curies":[{"name":"wp","href":"https:\/\/api.w.org\/{rel}","templated":true}]}}