{"id":17096,"date":"2025-10-18T18:12:33","date_gmt":"2025-10-18T16:12:33","guid":{"rendered":"https:\/\/www.maria-koenigin.de\/?p=17096"},"modified":"2025-10-18T18:12:33","modified_gmt":"2025-10-18T16:12:33","slug":"klassenpaten-begleiten-die-klassen-5","status":"publish","type":"post","link":"https:\/\/www.maria-koenigin.de\/?p=17096","title":{"rendered":"Klassenpaten begleiten die Klassen 5"},"content":{"rendered":"<p style=\"line-height: 1.71429; margin-bottom: 1.71429rem;\"><img loading=\"lazy\" decoding=\"async\" class=\"alignright wp-image-16624 size-large\" style=\"margin-top: 0.857143rem; margin-bottom: 0.857143rem; margin-left: 1.71429rem;\" src=\"http:\/\/www.maria-koenigin.de\/wordpress\/wp-content\/uploads\/2025\/08\/Klassenpaten-5a-e1754057376690-980x1024.jpeg\" alt=\"\" width=\"625\" height=\"653\" srcset=\"https:\/\/www.maria-koenigin.de\/wordpress\/wp-content\/uploads\/2025\/08\/Klassenpaten-5a-e1754057376690-980x1024.jpeg 980w, https:\/\/www.maria-koenigin.de\/wordpress\/wp-content\/uploads\/2025\/08\/Klassenpaten-5a-e1754057376690-287x300.jpeg 287w, https:\/\/www.maria-koenigin.de\/wordpress\/wp-content\/uploads\/2025\/08\/Klassenpaten-5a-e1754057376690-768x803.jpeg 768w, https:\/\/www.maria-koenigin.de\/wordpress\/wp-content\/uploads\/2025\/08\/Klassenpaten-5a-e1754057376690-624x652.jpeg 624w, https:\/\/www.maria-koenigin.de\/wordpress\/wp-content\/uploads\/2025\/08\/Klassenpaten-5a-e1754057376690.jpeg 1215w\" sizes=\"auto, (max-width: 625px) 100vw, 625px\" \/><\/p>\n<p style=\"line-height: 1.71429; margin-bottom: 1.71429rem; text-align: justify;\">Klasse 5a:\u00a0<em style=\"font-size: 1rem;\">Marie Steinhanses, Enya Klemm, Malia Uting, Lucie Bause, Till Milisavljevic, Bernhard Hilber, Philipp Sa\u00dfe, Sajuraam Thujendran, Elmedina Muja<\/em><\/p>\n<p style=\"line-height: 1.71429; margin-bottom: 1.71429rem; text-align: justify;\">Auch in diesem Schuljahr stehen den Klassen der Jahrgangsstufe 5 in ihrem ersten Jahr an Maria K\u00f6nigin Sch\u00fclerinnen und Sch\u00fcler der Einf\u00fchrungsphase als Paten zur Seite.<!--more--><\/p>\n<p style=\"line-height: 1.71429; margin-bottom: 1.71429rem; text-align: justify;\"><span style=\"font-size: 1rem;\">Sie nehmen mit den \u201aF\u00fcnfern\u2018 an der Wallfahrt zum Kohlhagen teil und wirken bei den Kennenlerntagen im Jugendhof und weiteren Veranstaltungen \u2013 wie zum Beispiel dem \u201eAbend f\u00fcr Servir\u201c \u2013 mit. Regelm\u00e4\u00dfig besuchen die Klassenpaten \u201eihre\u201c Klassen und helfen beispielsweise bei der Kl\u00e4rung verschiedenster Fragen, die sich im Rahmen des neuen Schulalltags ergeben. Zus\u00e4tzlich vermitteln sie auch als Streitschlichter in kleineren Konflikten. Dabei stehen sie stets in engem Austausch mit der jeweiligen Klassenleitung.<\/span><\/p>\n<p style=\"line-height: 1.71429; margin-bottom: 1.71429rem; text-align: justify;\"><span style=\"font-size: 1rem;\">Am Ende jedes Schuljahres werden etwa 20 Sch\u00fclerinnen und Sch\u00fcler der Jahrgangsstufe 10 in einer schulinternen Ausbildung gezielt auf diese verantwortungsvolle Aufgabe vorbereitet. Verantwortlich f\u00fcr die Ausbildung und Betreuung der Klassenpaten ist Herr Scherer.\u00a0<\/span><\/p>\n<p style=\"text-align: justify;\"><span style=\"text-align: justify; font-size: 1rem;\">Im Schuljahr 2025\/2026 sind folgende Sch\u00fclerinnen und Sch\u00fcler der Jahrgangsstufe EF als Klassenpaten t\u00e4tig:<\/span><\/p>\n<p style=\"text-align: justify;\"><em><img loading=\"lazy\" decoding=\"async\" class=\"alignright wp-image-16625 size-large\" src=\"http:\/\/www.maria-koenigin.de\/wordpress\/wp-content\/uploads\/2025\/08\/Klassenpaten-5b-scaled-e1754057507258-1024x790.jpeg\" alt=\"\" width=\"625\" height=\"482\" srcset=\"https:\/\/www.maria-koenigin.de\/wordpress\/wp-content\/uploads\/2025\/08\/Klassenpaten-5b-scaled-e1754057507258-1024x790.jpeg 1024w, https:\/\/www.maria-koenigin.de\/wordpress\/wp-content\/uploads\/2025\/08\/Klassenpaten-5b-scaled-e1754057507258-300x231.jpeg 300w, https:\/\/www.maria-koenigin.de\/wordpress\/wp-content\/uploads\/2025\/08\/Klassenpaten-5b-scaled-e1754057507258-768x592.jpeg 768w, https:\/\/www.maria-koenigin.de\/wordpress\/wp-content\/uploads\/2025\/08\/Klassenpaten-5b-scaled-e1754057507258-1536x1184.jpeg 1536w, https:\/\/www.maria-koenigin.de\/wordpress\/wp-content\/uploads\/2025\/08\/Klassenpaten-5b-scaled-e1754057507258-624x481.jpeg 624w, https:\/\/www.maria-koenigin.de\/wordpress\/wp-content\/uploads\/2025\/08\/Klassenpaten-5b-scaled-e1754057507258.jpeg 1870w\" sizes=\"auto, (max-width: 625px) 100vw, 625px\" \/>Klasse 5b: Sina Weber, Lina Epping, Ruben Stamm, Toni Picker, Lea Cordes, Greta Bankstahl, Adriana Ottmann, Amelie Fischer<\/em><\/p>\n<p style=\"text-align: justify;\"><em><img loading=\"lazy\" decoding=\"async\" class=\"alignright wp-image-16626 size-large\" src=\"http:\/\/www.maria-koenigin.de\/wordpress\/wp-content\/uploads\/2025\/08\/Klassenpaten-5c-scaled-e1754057628866-1024x627.jpeg\" alt=\"\" width=\"625\" height=\"383\" srcset=\"https:\/\/www.maria-koenigin.de\/wordpress\/wp-content\/uploads\/2025\/08\/Klassenpaten-5c-scaled-e1754057628866-1024x627.jpeg 1024w, https:\/\/www.maria-koenigin.de\/wordpress\/wp-content\/uploads\/2025\/08\/Klassenpaten-5c-scaled-e1754057628866-300x184.jpeg 300w, https:\/\/www.maria-koenigin.de\/wordpress\/wp-content\/uploads\/2025\/08\/Klassenpaten-5c-scaled-e1754057628866-768x470.jpeg 768w, https:\/\/www.maria-koenigin.de\/wordpress\/wp-content\/uploads\/2025\/08\/Klassenpaten-5c-scaled-e1754057628866-1536x941.jpeg 1536w, https:\/\/www.maria-koenigin.de\/wordpress\/wp-content\/uploads\/2025\/08\/Klassenpaten-5c-scaled-e1754057628866-2048x1254.jpeg 2048w, https:\/\/www.maria-koenigin.de\/wordpress\/wp-content\/uploads\/2025\/08\/Klassenpaten-5c-scaled-e1754057628866-624x382.jpeg 624w\" sizes=\"auto, (max-width: 625px) 100vw, 625px\" \/>Klasse 5c: Maja Bl\u00f6ink, Leni Brosterhus, Ida Hirschh\u00e4user, Lea Koch, Hannah Krummenerl, Emily Gerk, Maria-Sofie Lauria, Helena Schr\u00f6der, Pia Wagner<\/em><\/p>\n<p>&nbsp;<\/p>\n","protected":false},"excerpt":{"rendered":"<p>Klasse 5a:\u00a0Marie Steinhanses, Enya Klemm, Malia Uting, Lucie Bause, Till Milisavljevic, Bernhard Hilber, Philipp Sa\u00dfe, Sajuraam Thujendran, Elmedina Muja Auch in diesem Schuljahr stehen den Klassen der Jahrgangsstufe 5 in ihrem ersten Jahr an Maria K\u00f6nigin Sch\u00fclerinnen und Sch\u00fcler der Einf\u00fchrungsphase als Paten zur Seite.<\/p>\n","protected":false},"author":7,"featured_media":0,"comment_status":"closed","ping_status":"closed","sticky":false,"template":"","format":"standard","meta":{"ngg_post_thumbnail":0,"footnotes":""},"categories":[4],"tags":[],"class_list":["post-17096","post","type-post","status-publish","format-standard","hentry","category-aktuelles"],"_links":{"self":[{"href":"https:\/\/www.maria-koenigin.de\/index.php?rest_route=\/wp\/v2\/posts\/17096","targetHints":{"allow":["GET"]}}],"collection":[{"href":"https:\/\/www.maria-koenigin.de\/index.php?rest_route=\/wp\/v2\/posts"}],"about":[{"href":"https:\/\/www.maria-koenigin.de\/index.php?rest_route=\/wp\/v2\/types\/post"}],"author":[{"embeddable":true,"href":"https:\/\/www.maria-koenigin.de\/index.php?rest_route=\/wp\/v2\/users\/7"}],"replies":[{"embeddable":true,"href":"https:\/\/www.maria-koenigin.de\/index.php?rest_route=%2Fwp%2Fv2%2Fcomments&post=17096"}],"version-history":[{"count":1,"href":"https:\/\/www.maria-koenigin.de\/index.php?rest_route=\/wp\/v2\/posts\/17096\/revisions"}],"predecessor-version":[{"id":17097,"href":"https:\/\/www.maria-koenigin.de\/index.php?rest_route=\/wp\/v2\/posts\/17096\/revisions\/17097"}],"wp:attachment":[{"href":"https:\/\/www.maria-koenigin.de\/index.php?rest_route=%2Fwp%2Fv2%2Fmedia&parent=17096"}],"wp:term":[{"taxonomy":"category","embeddable":true,"href":"https:\/\/www.maria-koenigin.de\/index.php?rest_route=%2Fwp%2Fv2%2Fcategories&post=17096"},{"taxonomy":"post_tag","embeddable":true,"href":"https:\/\/www.maria-koenigin.de\/index.php?rest_route=%2Fwp%2Fv2%2Ftags&post=17096"}],"curies":[{"name":"wp","href":"https:\/\/api.w.org\/{rel}","templated":true}]}}