{"id":17287,"date":"2025-12-04T19:08:46","date_gmt":"2025-12-04T18:08:46","guid":{"rendered":"https:\/\/www.maria-koenigin.de\/?p=17287"},"modified":"2025-12-04T19:08:46","modified_gmt":"2025-12-04T18:08:46","slug":"schulentscheid-beim-vorlesewettbewerb-2025-2026","status":"publish","type":"post","link":"https:\/\/www.maria-koenigin.de\/?p=17287","title":{"rendered":"Schulentscheid beim Vorlesewettbewerb 2025\/2026"},"content":{"rendered":"<p style=\"text-align: justify;\"><img loading=\"lazy\" decoding=\"async\" class=\"alignright wp-image-17288 size-full\" src=\"http:\/\/www.maria-koenigin.de\/wordpress\/wp-content\/uploads\/2025\/12\/Vorlesewettbewerb.jpg\" alt=\"\" width=\"640\" height=\"853\" srcset=\"https:\/\/www.maria-koenigin.de\/wordpress\/wp-content\/uploads\/2025\/12\/Vorlesewettbewerb.jpg 640w, https:\/\/www.maria-koenigin.de\/wordpress\/wp-content\/uploads\/2025\/12\/Vorlesewettbewerb-225x300.jpg 225w, https:\/\/www.maria-koenigin.de\/wordpress\/wp-content\/uploads\/2025\/12\/Vorlesewettbewerb-624x832.jpg 624w\" sizes=\"auto, (max-width: 640px) 100vw, 640px\" \/>Drei aufgeregte Kinder mit dicken B\u00fcchern in den H\u00e4nden versammelten sich Anfang Dezember vor dem Sekretariat. Warum?<\/p>\n<p style=\"text-align: justify;\">Aus den zwei Klassensiegerinnen und einem Klassensieger im Vorlesen sollte nun, in einem spannenden Finale, ein Schulsieger oder eine Schulsiegerin ausgew\u00e4hlt werden.\u00a0Im Deutschunterricht der Klasse 6 hatten sie gelernt, laut, deutlich, konzentriert und sinnentnehmend vorzutragen. Und nun durften sie ihr K\u00f6nnen unter Beweis stellen.<!--more--><\/p>\n<p style=\"text-align: justify;\">In adventlicher Atmosph\u00e4re bei Kerzenschein, Pl\u00e4tzchen und Getr\u00e4nken konnten sie zun\u00e4chst ihren ge\u00fcbten Wahltext vortragen.\u00a0Aus der 6a entf\u00fchrte uns Janika Pokorski in die schr\u00e4ge und abenteuerliche Welt von \u201eSally Jones. Mord ohne Leiche\u201c (Jakob Wegelius), in der ein merkw\u00fcrdiger Affe wie ein Mensch agiert.\u00a0Cem Oberstadt aus der 6b setzte auf Altbew\u00e4hrtes und verzauberte die Zuh\u00f6renden mit \u201eHarry Potter und der Stein der Weisen\u201c (Joan K. Rowling). Lotta Tigges aus der 6c stellte sich und der Jury die Frage \u201eIst Oma noch zu retten? (Marie H\u00fcttner).<\/p>\n<p style=\"text-align: justify;\">Als N\u00e4chstes stand ein Fremdtext an (\u201eDann geh doch die Welt retten\u201c von Ines Maria Jimenez), ein Jugendroman \u00fcber Umwelt und Klimaschutz, aus dem die drei Leseexperten nun ohne Vorbereitung vorlesen mussten.\u00a0Die aus Frau Eisen, Frau Fr\u00f6hlich, Herrn Scherer und der Semesterpraktikantin Frau Guntermann bestehende Jury hatte es bei der Beratung schwer, aber entschied sich letztlich f\u00fcr Cem aus der 6b als Schulsieger. Er hat sich damit f\u00fcr die n\u00e4chste Runde qualifiziert und vertritt unsere Schule auf Kreisebene.<\/p>\n<p style=\"text-align: justify;\">Urkunden und Buchgeschenke gab es aber f\u00fcr alle drei teilnehmenden Kinder, denn:\u00a0Wer liest, gewinnt! Herzlichen Gl\u00fcckwunsch!<\/p>\n<p><em>Ute Fr\u00f6hlich<\/em><\/p>\n","protected":false},"excerpt":{"rendered":"<p>Drei aufgeregte Kinder mit dicken B\u00fcchern in den H\u00e4nden versammelten sich Anfang Dezember vor dem Sekretariat. Warum? Aus den zwei Klassensiegerinnen und einem Klassensieger im Vorlesen sollte nun, in einem spannenden Finale, ein Schulsieger oder eine Schulsiegerin ausgew\u00e4hlt werden.\u00a0Im Deutschunterricht der Klasse 6 hatten sie gelernt, laut, deutlich, konzentriert und sinnentnehmend vorzutragen. Und nun durften [&hellip;]<\/p>\n","protected":false},"author":7,"featured_media":0,"comment_status":"closed","ping_status":"closed","sticky":false,"template":"","format":"standard","meta":{"ngg_post_thumbnail":0,"footnotes":""},"categories":[4],"tags":[],"class_list":["post-17287","post","type-post","status-publish","format-standard","hentry","category-aktuelles"],"_links":{"self":[{"href":"https:\/\/www.maria-koenigin.de\/index.php?rest_route=\/wp\/v2\/posts\/17287","targetHints":{"allow":["GET"]}}],"collection":[{"href":"https:\/\/www.maria-koenigin.de\/index.php?rest_route=\/wp\/v2\/posts"}],"about":[{"href":"https:\/\/www.maria-koenigin.de\/index.php?rest_route=\/wp\/v2\/types\/post"}],"author":[{"embeddable":true,"href":"https:\/\/www.maria-koenigin.de\/index.php?rest_route=\/wp\/v2\/users\/7"}],"replies":[{"embeddable":true,"href":"https:\/\/www.maria-koenigin.de\/index.php?rest_route=%2Fwp%2Fv2%2Fcomments&post=17287"}],"version-history":[{"count":1,"href":"https:\/\/www.maria-koenigin.de\/index.php?rest_route=\/wp\/v2\/posts\/17287\/revisions"}],"predecessor-version":[{"id":17289,"href":"https:\/\/www.maria-koenigin.de\/index.php?rest_route=\/wp\/v2\/posts\/17287\/revisions\/17289"}],"wp:attachment":[{"href":"https:\/\/www.maria-koenigin.de\/index.php?rest_route=%2Fwp%2Fv2%2Fmedia&parent=17287"}],"wp:term":[{"taxonomy":"category","embeddable":true,"href":"https:\/\/www.maria-koenigin.de\/index.php?rest_route=%2Fwp%2Fv2%2Fcategories&post=17287"},{"taxonomy":"post_tag","embeddable":true,"href":"https:\/\/www.maria-koenigin.de\/index.php?rest_route=%2Fwp%2Fv2%2Ftags&post=17287"}],"curies":[{"name":"wp","href":"https:\/\/api.w.org\/{rel}","templated":true}]}}