{"id":17401,"date":"2026-01-20T21:35:37","date_gmt":"2026-01-20T20:35:37","guid":{"rendered":"https:\/\/www.maria-koenigin.de\/?p=17401"},"modified":"2026-01-20T21:35:37","modified_gmt":"2026-01-20T20:35:37","slug":"schule-im-wandel-lernen-mit-kuenstlicher-intelligenz","status":"publish","type":"post","link":"https:\/\/www.maria-koenigin.de\/?p=17401","title":{"rendered":"Schule im Wandel \u2013 Lernen mit K\u00fcnstlicher Intelligenz"},"content":{"rendered":"<p style=\"text-align: justify;\"><img loading=\"lazy\" decoding=\"async\" class=\"alignright wp-image-17402 size-full\" src=\"http:\/\/www.maria-koenigin.de\/wordpress\/wp-content\/uploads\/2026\/01\/KI-FB-1.jpg\" alt=\"\" width=\"640\" height=\"427\" srcset=\"https:\/\/www.maria-koenigin.de\/wordpress\/wp-content\/uploads\/2026\/01\/KI-FB-1.jpg 640w, https:\/\/www.maria-koenigin.de\/wordpress\/wp-content\/uploads\/2026\/01\/KI-FB-1-300x200.jpg 300w, https:\/\/www.maria-koenigin.de\/wordpress\/wp-content\/uploads\/2026\/01\/KI-FB-1-624x416.jpg 624w\" sizes=\"auto, (max-width: 640px) 100vw, 640px\" \/><\/p>\n<p style=\"text-align: justify;\">K\u00fcnstliche Intelligenz h\u00e4lt immer st\u00e4rker Einzug in unseren Alltag \u2013 und damit auch in die Schule. Deshalb haben wir uns als Kollegium bewusst auf den Weg gemacht, den Umgang mit KI aktiv und p\u00e4dagogisch sinnvoll zu gestalten. Ein wichtiger Schritt dabei war eine schulinterne Fortbildung f\u00fcr alle Lehrkr\u00e4fte, die von Silvia Savelsberg und Matthias Gewering moderiert und fachlich kompetent begleitet wurde.<!--more--><\/p>\n<p style=\"text-align: justify;\"><img loading=\"lazy\" decoding=\"async\" class=\"alignright wp-image-17403 size-full\" src=\"http:\/\/www.maria-koenigin.de\/wordpress\/wp-content\/uploads\/2026\/01\/KI-FB-5.jpg\" alt=\"\" width=\"640\" height=\"427\" srcset=\"https:\/\/www.maria-koenigin.de\/wordpress\/wp-content\/uploads\/2026\/01\/KI-FB-5.jpg 640w, https:\/\/www.maria-koenigin.de\/wordpress\/wp-content\/uploads\/2026\/01\/KI-FB-5-300x200.jpg 300w, https:\/\/www.maria-koenigin.de\/wordpress\/wp-content\/uploads\/2026\/01\/KI-FB-5-624x416.jpg 624w\" sizes=\"auto, (max-width: 640px) 100vw, 640px\" \/>\u201eK\u00fcnstliche Intelligenz ver\u00e4ndert die Art, wie wir lernen und lehren. Als Schule sehen wir es als unsere Aufgabe, diese Entwicklung aktiv zu gestalten und unseren Sch\u00fclerinnen und Sch\u00fclern die Kompetenzen zu vermitteln, die sie f\u00fcr eine zunehmend digitale Welt ben\u00f6tigen\u201c, betont der kommissarische Schulleiter Christoph Tebr\u00fcgge.<\/p>\n<p style=\"text-align: justify;\"><img loading=\"lazy\" decoding=\"async\" class=\"alignright wp-image-17404 size-full\" src=\"http:\/\/www.maria-koenigin.de\/wordpress\/wp-content\/uploads\/2026\/01\/KI-FB-2.jpg\" alt=\"\" width=\"640\" height=\"427\" srcset=\"https:\/\/www.maria-koenigin.de\/wordpress\/wp-content\/uploads\/2026\/01\/KI-FB-2.jpg 640w, https:\/\/www.maria-koenigin.de\/wordpress\/wp-content\/uploads\/2026\/01\/KI-FB-2-300x200.jpg 300w, https:\/\/www.maria-koenigin.de\/wordpress\/wp-content\/uploads\/2026\/01\/KI-FB-2-624x416.jpg 624w\" sizes=\"auto, (max-width: 640px) 100vw, 640px\" \/>Im Mittelpunkt der Fortbildung stand zun\u00e4chst die Frage: Wie kann KI so eingesetzt werden, dass sie Lernen wirklich unterst\u00fctzt? Dabei ging es sowohl um den Einsatz von KI als hilfreiches Werkzeug f\u00fcr Lehrkr\u00e4fte \u2013 zum Beispiel bei der Unterrichtsvorbereitung, Differenzierung oder R\u00fcckmeldung \u2013 als auch um durchdachte Lernsettings f\u00fcr Sch\u00fclerinnen und Sch\u00fcler. Anhand konkreter Unterrichtsbeispiele wurde ausprobiert, diskutiert und weiterentwickelt. So entstanden Ideen und Materialien, mit denen KI zum Recherchieren, Lernen, Schreiben oder kreativen Arbeiten genutzt werden kann.<\/p>\n<p style=\"text-align: justify;\"><img loading=\"lazy\" decoding=\"async\" class=\"alignright wp-image-17405 size-full\" src=\"http:\/\/www.maria-koenigin.de\/wordpress\/wp-content\/uploads\/2026\/01\/KI-FB-4.jpg\" alt=\"\" width=\"640\" height=\"427\" srcset=\"https:\/\/www.maria-koenigin.de\/wordpress\/wp-content\/uploads\/2026\/01\/KI-FB-4.jpg 640w, https:\/\/www.maria-koenigin.de\/wordpress\/wp-content\/uploads\/2026\/01\/KI-FB-4-300x200.jpg 300w, https:\/\/www.maria-koenigin.de\/wordpress\/wp-content\/uploads\/2026\/01\/KI-FB-4-624x416.jpg 624w\" sizes=\"auto, (max-width: 640px) 100vw, 640px\" \/>Die Fortbildung ist Teil eines l\u00e4ngerfristigen Schulentwicklungsprozesses. \u201eEntscheidend ist, dass wir KI nicht als kurzfristigen Trend verstehen, sondern als Anlass f\u00fcr nachhaltige Unterrichts- und Schulentwicklung\u201c, erkl\u00e4rt Manuel Vormweg, Fortbildungsbeauftragter der Schule.<\/p>\n<p><em>Manuel Vormweg\u00a0<\/em><\/p>\n<p>&nbsp;<\/p>\n","protected":false},"excerpt":{"rendered":"<p>K\u00fcnstliche Intelligenz h\u00e4lt immer st\u00e4rker Einzug in unseren Alltag \u2013 und damit auch in die Schule. Deshalb haben wir uns als Kollegium bewusst auf den Weg gemacht, den Umgang mit KI aktiv und p\u00e4dagogisch sinnvoll zu gestalten. Ein wichtiger Schritt dabei war eine schulinterne Fortbildung f\u00fcr alle Lehrkr\u00e4fte, die von Silvia Savelsberg und Matthias Gewering [&hellip;]<\/p>\n","protected":false},"author":7,"featured_media":0,"comment_status":"closed","ping_status":"closed","sticky":false,"template":"","format":"standard","meta":{"ngg_post_thumbnail":0,"footnotes":""},"categories":[4],"tags":[],"class_list":["post-17401","post","type-post","status-publish","format-standard","hentry","category-aktuelles"],"_links":{"self":[{"href":"https:\/\/www.maria-koenigin.de\/index.php?rest_route=\/wp\/v2\/posts\/17401","targetHints":{"allow":["GET"]}}],"collection":[{"href":"https:\/\/www.maria-koenigin.de\/index.php?rest_route=\/wp\/v2\/posts"}],"about":[{"href":"https:\/\/www.maria-koenigin.de\/index.php?rest_route=\/wp\/v2\/types\/post"}],"author":[{"embeddable":true,"href":"https:\/\/www.maria-koenigin.de\/index.php?rest_route=\/wp\/v2\/users\/7"}],"replies":[{"embeddable":true,"href":"https:\/\/www.maria-koenigin.de\/index.php?rest_route=%2Fwp%2Fv2%2Fcomments&post=17401"}],"version-history":[{"count":1,"href":"https:\/\/www.maria-koenigin.de\/index.php?rest_route=\/wp\/v2\/posts\/17401\/revisions"}],"predecessor-version":[{"id":17406,"href":"https:\/\/www.maria-koenigin.de\/index.php?rest_route=\/wp\/v2\/posts\/17401\/revisions\/17406"}],"wp:attachment":[{"href":"https:\/\/www.maria-koenigin.de\/index.php?rest_route=%2Fwp%2Fv2%2Fmedia&parent=17401"}],"wp:term":[{"taxonomy":"category","embeddable":true,"href":"https:\/\/www.maria-koenigin.de\/index.php?rest_route=%2Fwp%2Fv2%2Fcategories&post=17401"},{"taxonomy":"post_tag","embeddable":true,"href":"https:\/\/www.maria-koenigin.de\/index.php?rest_route=%2Fwp%2Fv2%2Ftags&post=17401"}],"curies":[{"name":"wp","href":"https:\/\/api.w.org\/{rel}","templated":true}]}}