{"id":17600,"date":"2026-03-11T07:00:36","date_gmt":"2026-03-11T06:00:36","guid":{"rendered":"https:\/\/www.maria-koenigin.de\/?p=17600"},"modified":"2026-03-18T22:53:05","modified_gmt":"2026-03-18T21:53:05","slug":"besuch-der-irischen-austauschschueler","status":"publish","type":"post","link":"https:\/\/www.maria-koenigin.de\/?p=17600","title":{"rendered":"Besuch der irischen Austauschsch\u00fcler"},"content":{"rendered":"<p style=\"text-align: justify;\"><img loading=\"lazy\" decoding=\"async\" class=\"alignright wp-image-17601 size-full\" src=\"http:\/\/www.maria-koenigin.de\/wordpress\/wp-content\/uploads\/2026\/03\/Irlandaustausch-2-002.jpg\" alt=\"\" width=\"640\" height=\"361\" srcset=\"https:\/\/www.maria-koenigin.de\/wordpress\/wp-content\/uploads\/2026\/03\/Irlandaustausch-2-002.jpg 640w, https:\/\/www.maria-koenigin.de\/wordpress\/wp-content\/uploads\/2026\/03\/Irlandaustausch-2-002-300x169.jpg 300w, https:\/\/www.maria-koenigin.de\/wordpress\/wp-content\/uploads\/2026\/03\/Irlandaustausch-2-002-624x352.jpg 624w\" sizes=\"auto, (max-width: 640px) 100vw, 640px\" \/>Einmal mehr durften wir an Maria K\u00f6nigin G\u00e4ste unserer irischen Partnerschulen St. Michael\u2019s in Listowel und St. Joseph\u2019s in Ballybunion willkommen hei\u00dfen.<\/p>\n<p style=\"text-align: justify;\">Insgesamt 17 Sch\u00fclerinnen und Sch\u00fcler verbrachten gemeinsam mit ihren Lehrkr\u00e4ften Fiona Healy und Conleth Dillon \u2013 beide auf dem Klosterh\u00fcgel seit vielen Jahren bestens bekannt \u2013 die letzte Februarwoche im Sauerland.<\/p>\n<p style=\"text-align: justify;\">Die Erkundung der Atta-H\u00f6hle geh\u00f6rte dabei ebenso zum Programm wie ein Tagesausflug nach K\u00f6ln \u2013 nat\u00fcrlich mit Besichtigung des Doms. F\u00fcr besonders viel Spa\u00df sorgte der gemeinsame Besuch des Erlebnisbads AquaMagis in Plettenberg.<!--more--><\/p>\n<p style=\"text-align: justify;\"><img loading=\"lazy\" decoding=\"async\" class=\"alignright wp-image-17602 size-full\" src=\"http:\/\/www.maria-koenigin.de\/wordpress\/wp-content\/uploads\/2026\/03\/Irlandaustausch-1kl.jpg\" alt=\"\" width=\"640\" height=\"481\" srcset=\"https:\/\/www.maria-koenigin.de\/wordpress\/wp-content\/uploads\/2026\/03\/Irlandaustausch-1kl.jpg 640w, https:\/\/www.maria-koenigin.de\/wordpress\/wp-content\/uploads\/2026\/03\/Irlandaustausch-1kl-300x225.jpg 300w, https:\/\/www.maria-koenigin.de\/wordpress\/wp-content\/uploads\/2026\/03\/Irlandaustausch-1kl-624x469.jpg 624w\" sizes=\"auto, (max-width: 640px) 100vw, 640px\" \/>Neben der Verbesserung der fremdsprachlichen Kompetenzen der teilnehmenden Sch\u00fclerinnen und Sch\u00fcler stand vor allem die interkulturelle Begegnung im Mittelpunkt des Austausches. W\u00e4hrend die irischen Jugendlichen in ihren Gastfamilien das allt\u00e4gliche Leben in Deutschland kennenlernten, gew\u00e4hrte Frau Beul, die federf\u00fchrend f\u00fcr den reibungslosen Ablauf des Austauschprogramms sorgte, im Rahmen einer ausgedehnten F\u00fchrung vielf\u00e4ltige Einblicke in das Schulleben an Maria K\u00f6nigin. Herr Scherer vermittelte den G\u00e4sten Wissenswertes \u00fcber Deutschland: von typischen Gerichten \u00fcber beliebte Sportarten bis hin zu Festen und Gebr\u00e4uchen. Dabei konnte durchaus das eine oder andere Klischee entlarvt werden!<\/p>\n<p style=\"text-align: justify;\">Zum kr\u00f6nenden Abschluss einer ereignisreichen und f\u00fcr alle Beteiligten unvergesslichen Woche ging es am Freitagabend vor der Abreise noch einmal in die Schule \u2013 diesmal jedoch nicht zum Lernen, sondern zum gemeinsamen Feiern! Ein mit selbst gemachten Snacks reichhaltig best\u00fccktes Buffet bildete die kulinarische Grundlage f\u00fcr eine ausgelassene Party in der Pausenhalle.<\/p>\n<p style=\"text-align: justify;\">Zahlreiche Abschieds- und Erinnerungsfotos zeugen von neu geschlossenen Freundschaften und wecken bereits jetzt die Vorfreude auf den Gegenbesuch in Irland im kommenden Herbst!<\/p>\n<p><em>Julian Scherer<\/em><\/p>\n","protected":false},"excerpt":{"rendered":"<p>Einmal mehr durften wir an Maria K\u00f6nigin G\u00e4ste unserer irischen Partnerschulen St. Michael\u2019s in Listowel und St. Joseph\u2019s in Ballybunion willkommen hei\u00dfen. Insgesamt 17 Sch\u00fclerinnen und Sch\u00fcler verbrachten gemeinsam mit ihren Lehrkr\u00e4ften Fiona Healy und Conleth Dillon \u2013 beide auf dem Klosterh\u00fcgel seit vielen Jahren bestens bekannt \u2013 die letzte Februarwoche im Sauerland. Die Erkundung [&hellip;]<\/p>\n","protected":false},"author":7,"featured_media":0,"comment_status":"closed","ping_status":"closed","sticky":false,"template":"","format":"standard","meta":{"ngg_post_thumbnail":0,"footnotes":""},"categories":[4],"tags":[],"class_list":["post-17600","post","type-post","status-publish","format-standard","hentry","category-aktuelles"],"_links":{"self":[{"href":"https:\/\/www.maria-koenigin.de\/index.php?rest_route=\/wp\/v2\/posts\/17600","targetHints":{"allow":["GET"]}}],"collection":[{"href":"https:\/\/www.maria-koenigin.de\/index.php?rest_route=\/wp\/v2\/posts"}],"about":[{"href":"https:\/\/www.maria-koenigin.de\/index.php?rest_route=\/wp\/v2\/types\/post"}],"author":[{"embeddable":true,"href":"https:\/\/www.maria-koenigin.de\/index.php?rest_route=\/wp\/v2\/users\/7"}],"replies":[{"embeddable":true,"href":"https:\/\/www.maria-koenigin.de\/index.php?rest_route=%2Fwp%2Fv2%2Fcomments&post=17600"}],"version-history":[{"count":2,"href":"https:\/\/www.maria-koenigin.de\/index.php?rest_route=\/wp\/v2\/posts\/17600\/revisions"}],"predecessor-version":[{"id":17620,"href":"https:\/\/www.maria-koenigin.de\/index.php?rest_route=\/wp\/v2\/posts\/17600\/revisions\/17620"}],"wp:attachment":[{"href":"https:\/\/www.maria-koenigin.de\/index.php?rest_route=%2Fwp%2Fv2%2Fmedia&parent=17600"}],"wp:term":[{"taxonomy":"category","embeddable":true,"href":"https:\/\/www.maria-koenigin.de\/index.php?rest_route=%2Fwp%2Fv2%2Fcategories&post=17600"},{"taxonomy":"post_tag","embeddable":true,"href":"https:\/\/www.maria-koenigin.de\/index.php?rest_route=%2Fwp%2Fv2%2Ftags&post=17600"}],"curies":[{"name":"wp","href":"https:\/\/api.w.org\/{rel}","templated":true}]}}