{"id":17707,"date":"2026-04-27T09:17:28","date_gmt":"2026-04-27T07:17:28","guid":{"rendered":"https:\/\/www.maria-koenigin.de\/?p=17707"},"modified":"2026-04-27T09:17:28","modified_gmt":"2026-04-27T07:17:28","slug":"madrid-exkursion-herzlichkeit-kultur-und-sprachpraxis","status":"publish","type":"post","link":"https:\/\/www.maria-koenigin.de\/?p=17707","title":{"rendered":"Madrid-Exkursion: Herzlichkeit, Kultur und Sprachpraxis"},"content":{"rendered":"<p style=\"text-align: justify;\"><img loading=\"lazy\" decoding=\"async\" class=\"alignright wp-image-17708 size-full\" src=\"http:\/\/www.maria-koenigin.de\/wordpress\/wp-content\/uploads\/2026\/04\/Madrid-Exkursion1kl.jpg\" alt=\"\" width=\"640\" height=\"360\" srcset=\"https:\/\/www.maria-koenigin.de\/wordpress\/wp-content\/uploads\/2026\/04\/Madrid-Exkursion1kl.jpg 640w, https:\/\/www.maria-koenigin.de\/wordpress\/wp-content\/uploads\/2026\/04\/Madrid-Exkursion1kl-300x169.jpg 300w, https:\/\/www.maria-koenigin.de\/wordpress\/wp-content\/uploads\/2026\/04\/Madrid-Exkursion1kl-624x351.jpg 624w\" sizes=\"auto, (max-width: 640px) 100vw, 640px\" \/>Kurz vor den Osterferien machte sich eine kleine Gruppe unserer Spanischsch\u00fclerinnen auf den Weg in die lebendige Hauptstadt Spaniens: Madrid. Im Rahmen unseres Sch\u00fcleraustauschs mit dem <em>Colegio Los Tilos<\/em> erhielten sie die Gelegenheit, nicht nur ihre Sprachkenntnisse im Alltag anzuwenden, sondern auch die Kultur, das Leben und den Schulalltag vor Ort hautnah kennenzulernen. Mit vielen neuen Eindr\u00fccken, Begegnungen und Erfahrungen im Gep\u00e4ck blicken sie auf eine unvergessliche Zeit zur\u00fcck. In dem folgenden Artikel berichten sie von ihren Erlebnissen und pers\u00f6nlichen Highlights dieser besonderen Reise:<!--more--><\/p>\n<p style=\"text-align: justify;\">Am Dienstag begann unsere Reise nach Madrid. Voller Vorfreude, aber auch mit einer gewissen Nervosit\u00e4t, starteten wir in D\u00fcsseldorf und stiegen in den Flieger. Nach einem etwa zweist\u00fcndigen Flug wurden wir in Madrid bereits von unseren Gastfamilien empfangen. Schon in diesem Moment legte sich unsere Aufregung, und wir f\u00fchlten uns sofort willkommen \u2013 das Abenteuer Sch\u00fcleraustausch konnte beginnen\u2026<\/p>\n<p style=\"text-align: justify;\"><img loading=\"lazy\" decoding=\"async\" class=\"alignright wp-image-17712 size-large\" src=\"http:\/\/www.maria-koenigin.de\/wordpress\/wp-content\/uploads\/2026\/04\/Madrid-Exkursion5kl-758x1024.jpg\" alt=\"\" width=\"625\" height=\"844\" srcset=\"https:\/\/www.maria-koenigin.de\/wordpress\/wp-content\/uploads\/2026\/04\/Madrid-Exkursion5kl-758x1024.jpg 758w, https:\/\/www.maria-koenigin.de\/wordpress\/wp-content\/uploads\/2026\/04\/Madrid-Exkursion5kl-222x300.jpg 222w, https:\/\/www.maria-koenigin.de\/wordpress\/wp-content\/uploads\/2026\/04\/Madrid-Exkursion5kl-768x1038.jpg 768w, https:\/\/www.maria-koenigin.de\/wordpress\/wp-content\/uploads\/2026\/04\/Madrid-Exkursion5kl-624x843.jpg 624w, https:\/\/www.maria-koenigin.de\/wordpress\/wp-content\/uploads\/2026\/04\/Madrid-Exkursion5kl.jpg 900w\" sizes=\"auto, (max-width: 625px) 100vw, 625px\" \/>W\u00e4hrend unseres Aufenthalts hatten wir die Gelegenheit, Madrid intensiv zu Fu\u00df zu erkunden. Dabei besichtigten wir zentrale Sehensw\u00fcrdigkeiten wie die <em>Puerta del Sol<\/em> und den <em>Plaza Mayor<\/em>, die uns mit ihrer lebendigen Atmosph\u00e4re beeindruckten. Der weitl\u00e4ufige <em>Parque del Retiro<\/em> bot uns eine willkommene Auszeit vom Trubel der Stadt. Ein kulturelles Highlight war der Besuch des ber\u00fchmten <em>Museo del Prado<\/em>.<\/p>\n<p style=\"text-align: justify;\"><img loading=\"lazy\" decoding=\"async\" class=\"alignleft wp-image-17710\" src=\"http:\/\/www.maria-koenigin.de\/wordpress\/wp-content\/uploads\/2026\/04\/Madrid-Exkursion2kl-576x1024.jpg\" alt=\"\" width=\"631\" height=\"1122\" srcset=\"https:\/\/www.maria-koenigin.de\/wordpress\/wp-content\/uploads\/2026\/04\/Madrid-Exkursion2kl-576x1024.jpg 576w, https:\/\/www.maria-koenigin.de\/wordpress\/wp-content\/uploads\/2026\/04\/Madrid-Exkursion2kl-169x300.jpg 169w, https:\/\/www.maria-koenigin.de\/wordpress\/wp-content\/uploads\/2026\/04\/Madrid-Exkursion2kl-624x1110.jpg 624w, https:\/\/www.maria-koenigin.de\/wordpress\/wp-content\/uploads\/2026\/04\/Madrid-Exkursion2kl.jpg 640w\" sizes=\"auto, (max-width: 631px) 100vw, 631px\" \/>Ein zentraler Bestandteil des Austauschs war der Einblick in das spanische Schulleben. Dabei fiel uns auf, dass das spanische Schulsystem insgesamt offener und weniger formell gestaltet ist als das deutsche. Besonders das Verh\u00e4ltnis zwischen Lehrkr\u00e4ften und Sch\u00fclerinnen erschien uns deutlich pers\u00f6nlicher, da man sich gegenseitig duzt und der Umgang insgesamt vertrauter ist. Diese entspannte und zugleich respektvolle Atmosph\u00e4re hat uns sehr gut gefallen.<\/p>\n<p style=\"text-align: justify;\">Auch die Zeit in den Gastfamilien war f\u00fcr uns eine pr\u00e4gende Erfahrung. Die gro\u00dfe Herzlichkeit und Gastfreundschaft mit der wir aufgenommen wurden, hat uns nachhaltig beeindruckt. Unsere Austauschpartnerinnen und ihre Familien haben sich viel M\u00fche gegeben, uns ihren Alltag n\u00e4herzubringen und uns \u00fcberall einzubeziehen. So f\u00fchlten wir uns schnell wie ein Teil der Familie. Besonders sch\u00f6n war es, gemeinsam typische Spezialit\u00e4ten zu probieren \u2013 darunter auch das traditionelle <em>chocolate con churros<\/em>, das wir zusammen genie\u00dfen durften.<\/p>\n<p style=\"text-align: justify;\"><img loading=\"lazy\" decoding=\"async\" class=\"alignright wp-image-17714 size-full\" src=\"http:\/\/www.maria-koenigin.de\/wordpress\/wp-content\/uploads\/2026\/04\/Madrid-Exkursio6kl.jpg\" alt=\"\" width=\"640\" height=\"859\" srcset=\"https:\/\/www.maria-koenigin.de\/wordpress\/wp-content\/uploads\/2026\/04\/Madrid-Exkursio6kl.jpg 640w, https:\/\/www.maria-koenigin.de\/wordpress\/wp-content\/uploads\/2026\/04\/Madrid-Exkursio6kl-224x300.jpg 224w, https:\/\/www.maria-koenigin.de\/wordpress\/wp-content\/uploads\/2026\/04\/Madrid-Exkursio6kl-624x838.jpg 624w\" sizes=\"auto, (max-width: 640px) 100vw, 640px\" \/>Dar\u00fcber hinaus wurde uns die Geschichte Spaniens an vielen Orten der Stadt greifbar. Bei der Besichtigung des <em>Palacio Real<\/em> konnten wir eindrucksvoll nachvollziehen, wie stark die Vergangenheit das heutige Stadtbild pr\u00e4gt. Die gut erhaltenen Bauwerke vermitteln ein lebendiges Bild der historischen Entwicklung Spaniens.<\/p>\n<p style=\"text-align: justify;\">Zu Beginn fiel es uns noch schwer, die Alltagssprache unserer Austauschpartnerinnen vollst\u00e4ndig zu verstehen. Doch im Laufe der Zeit wurden wir sicherer, konnten Zusammenh\u00e4nge besser erfassen und den Gespr\u00e4chen immer leichter folgen.<\/p>\n<p style=\"text-align: justify;\">Insgesamt war die Reise nach Madrid eine sch\u00f6ne und bereichernde Erfahrung, die uns nicht nur sprachlich, sondern auch pers\u00f6nlich weitergebracht hat und die wir nicht so schnell vergessen werden\u2026<\/p>\n<p><em>Kristina Karjakin, Ella Sonntag, Franziska Stens, Celine Volkmann und Maike Weber (Q1)<\/em><\/p>\n","protected":false},"excerpt":{"rendered":"<p>Kurz vor den Osterferien machte sich eine kleine Gruppe unserer Spanischsch\u00fclerinnen auf den Weg in die lebendige Hauptstadt Spaniens: Madrid. Im Rahmen unseres Sch\u00fcleraustauschs mit dem Colegio Los Tilos erhielten sie die Gelegenheit, nicht nur ihre Sprachkenntnisse im Alltag anzuwenden, sondern auch die Kultur, das Leben und den Schulalltag vor Ort hautnah kennenzulernen. Mit vielen [&hellip;]<\/p>\n","protected":false},"author":7,"featured_media":0,"comment_status":"closed","ping_status":"closed","sticky":false,"template":"","format":"standard","meta":{"ngg_post_thumbnail":0,"footnotes":""},"categories":[4],"tags":[],"class_list":["post-17707","post","type-post","status-publish","format-standard","hentry","category-aktuelles"],"_links":{"self":[{"href":"https:\/\/www.maria-koenigin.de\/index.php?rest_route=\/wp\/v2\/posts\/17707","targetHints":{"allow":["GET"]}}],"collection":[{"href":"https:\/\/www.maria-koenigin.de\/index.php?rest_route=\/wp\/v2\/posts"}],"about":[{"href":"https:\/\/www.maria-koenigin.de\/index.php?rest_route=\/wp\/v2\/types\/post"}],"author":[{"embeddable":true,"href":"https:\/\/www.maria-koenigin.de\/index.php?rest_route=\/wp\/v2\/users\/7"}],"replies":[{"embeddable":true,"href":"https:\/\/www.maria-koenigin.de\/index.php?rest_route=%2Fwp%2Fv2%2Fcomments&post=17707"}],"version-history":[{"count":2,"href":"https:\/\/www.maria-koenigin.de\/index.php?rest_route=\/wp\/v2\/posts\/17707\/revisions"}],"predecessor-version":[{"id":17716,"href":"https:\/\/www.maria-koenigin.de\/index.php?rest_route=\/wp\/v2\/posts\/17707\/revisions\/17716"}],"wp:attachment":[{"href":"https:\/\/www.maria-koenigin.de\/index.php?rest_route=%2Fwp%2Fv2%2Fmedia&parent=17707"}],"wp:term":[{"taxonomy":"category","embeddable":true,"href":"https:\/\/www.maria-koenigin.de\/index.php?rest_route=%2Fwp%2Fv2%2Fcategories&post=17707"},{"taxonomy":"post_tag","embeddable":true,"href":"https:\/\/www.maria-koenigin.de\/index.php?rest_route=%2Fwp%2Fv2%2Ftags&post=17707"}],"curies":[{"name":"wp","href":"https:\/\/api.w.org\/{rel}","templated":true}]}}