{"id":17718,"date":"2025-05-10T10:43:43","date_gmt":"2025-05-10T08:43:43","guid":{"rendered":"https:\/\/www.maria-koenigin.de\/?p=17718"},"modified":"2026-04-29T10:44:01","modified_gmt":"2026-04-29T08:44:01","slug":"ueberall-mathematik-erfolgreiche-kaengurus-an-mk","status":"publish","type":"post","link":"https:\/\/www.maria-koenigin.de\/?p=17718","title":{"rendered":"\u00dcberall Mathematik \u2026 &#8211; erfolgreiche K\u00e4ngurus an MK"},"content":{"rendered":"<p style=\"text-align: justify;\">Alle Jahre wieder \u2026 &#8211; am dritten Donnerstag im M\u00e4rz hat an unserer Schule der internationale K\u00e4nguru-Wettbewerb der Mathematik stattgefunden. Allein in Deutschland waren \u00fcber 11.000 Schulen mit mehr als 800.000 Teilnehmern beteiligt. Weltweit waren es sogar \u00fcber sechs Millionen Teilnehmer in mehr als 60 L\u00e4ndern! Damit ist der K\u00e4nguru-Wettbewerb der gr\u00f6\u00dfte Mathematik-Wettbewerb weltweit.<\/p>\n<p><img loading=\"lazy\" decoding=\"async\" class=\"alignnone wp-image-17719 size-large\" src=\"http:\/\/www.maria-koenigin.de\/wordpress\/wp-content\/uploads\/2026\/04\/MK_Echo_Kaenguru_Foto-2-1024x768.jpg\" alt=\"\" width=\"625\" height=\"469\" srcset=\"https:\/\/www.maria-koenigin.de\/wordpress\/wp-content\/uploads\/2026\/04\/MK_Echo_Kaenguru_Foto-2-1024x768.jpg 1024w, https:\/\/www.maria-koenigin.de\/wordpress\/wp-content\/uploads\/2026\/04\/MK_Echo_Kaenguru_Foto-2-300x225.jpg 300w, https:\/\/www.maria-koenigin.de\/wordpress\/wp-content\/uploads\/2026\/04\/MK_Echo_Kaenguru_Foto-2-768x576.jpg 768w, https:\/\/www.maria-koenigin.de\/wordpress\/wp-content\/uploads\/2026\/04\/MK_Echo_Kaenguru_Foto-2-1536x1152.jpg 1536w, https:\/\/www.maria-koenigin.de\/wordpress\/wp-content\/uploads\/2026\/04\/MK_Echo_Kaenguru_Foto-2-624x468.jpg 624w, https:\/\/www.maria-koenigin.de\/wordpress\/wp-content\/uploads\/2026\/04\/MK_Echo_Kaenguru_Foto-2.jpg 1600w\" sizes=\"auto, (max-width: 625px) 100vw, 625px\" \/><\/p>\n<p style=\"text-align: justify;\">An MK stellten sich diesmal 105 knobelbegeisterte Sch\u00fcler von der 5. bis zur 12. Klasse den mathematischen Herausforderungen. Die Klassen 8 konnten in diesem Jahr wegen ihrer VERA8-Pr\u00fcfungen leider nicht teilnehmen.<\/p>\n<p style=\"text-align: justify;\">Das ist wieder einmal eine hohe Teilnehmerzahl, die nat\u00fcrlich alle Mathematiklehrer riesig freut. Die Teilnehmer erwarteten 75 Minuten voll mit mathematischen Problemen und Knobeleien, die f\u00fcr manches Aha-Erlebnis und rauchende K\u00f6pfe gesorgt haben. Auch beim diesj\u00e4hrigen Wettbewerb wurde wieder einmal deutlich, wie vielf\u00e4ltig und spannend die Probleme sein k\u00f6nnen, die mit Mathematik gel\u00f6st werden k\u00f6nnen.<\/p>\n<p><img loading=\"lazy\" decoding=\"async\" class=\"alignnone wp-image-17720 size-medium\" src=\"http:\/\/www.maria-koenigin.de\/wordpress\/wp-content\/uploads\/2026\/04\/MK_Echo_Kaenguru_Foto-1-225x300.jpg\" alt=\"\" width=\"225\" height=\"300\" srcset=\"https:\/\/www.maria-koenigin.de\/wordpress\/wp-content\/uploads\/2026\/04\/MK_Echo_Kaenguru_Foto-1-225x300.jpg 225w, https:\/\/www.maria-koenigin.de\/wordpress\/wp-content\/uploads\/2026\/04\/MK_Echo_Kaenguru_Foto-1-768x1024.jpg 768w, https:\/\/www.maria-koenigin.de\/wordpress\/wp-content\/uploads\/2026\/04\/MK_Echo_Kaenguru_Foto-1-1152x1536.jpg 1152w, https:\/\/www.maria-koenigin.de\/wordpress\/wp-content\/uploads\/2026\/04\/MK_Echo_Kaenguru_Foto-1-624x832.jpg 624w, https:\/\/www.maria-koenigin.de\/wordpress\/wp-content\/uploads\/2026\/04\/MK_Echo_Kaenguru_Foto-1.jpg 1200w\" sizes=\"auto, (max-width: 225px) 100vw, 225px\" \/><\/p>\n<p style=\"text-align: justify;\">Die Ergebnisse des Wettbewerbs wurden mit Spannung erwartet. Und auch in diesem Jahr zeigte sich, dass es an MK so manches mathematische Talent gibt. Bei vier Sch\u00fclern wurde dies besonders deutlich: sie durften sich \u00fcber eine Platzierung auf Bundesebene und damit \u00fcber interessante Sachpreise freuen. Unser Gl\u00fcckwunsch f\u00fcr hervorragende mathematische Leistungen geht in diesem Jahr an folgende deutschlandweite Preistr\u00e4ger:<\/p>\n<ul>\n<li>3.Preis: Lars Demelius (6a) und Thea Ivo (10c)<\/li>\n<li>1.Preis: Matthias Cem Oberstadt (5a)<\/li>\n<li>Sonderpreis:\u00a0\u00a0 Yewa Mohorychowa (6a)<\/li>\n<\/ul>\n<p style=\"text-align: justify;\">Matthias Cem Oberstadt hat mit 105 von 120 Punkten die meisten Punkte auf Schulebene erreicht (relativ gesehen). Yewa Mohorychowa erhielt den Sonderpreis f\u00fcr den weitesten \u201eK\u00e4nguru-Sprung\u201c &#8211; d.h. die gr\u00f6\u00dfte Zahl richtiger, aufeinanderfolgender Antworten. Mit 100 von 120 Punkten verfehlte sie den 3. Preis auf Bundesebene nur ganz knapp um 0,75 Punkte. Gleiches gilt auch f\u00fcr Theo St\u00f6cker aus der Klasse 6a. Das Foto zeigt nicht nur unsere bundesweiten Preistr\u00e4ger sondern auch die Besten der jeweiligen Jahrgangsstufen.<\/p>\n<p style=\"text-align: justify;\">Alle Teilnehmer erhielten eine pers\u00f6nliche Urkunde, eine L\u00f6sungsbrosch\u00fcre und eine \u201eR\u00e4tsel-Raupe\u201c als kleinen Sachpreis. Abschlie\u00dfend m\u00f6chten wir uns bei allen Teilnehmern herzlich bedanken und freuen uns auf ein Wiedersehen beim n\u00e4chsten K\u00e4nguru-Wettbewerb wie immer am 3. Donnerstag im M\u00e4rz \u2013 also schonmal den 19.03.2026 vormerken!<\/p>\n<p>Christiane Schell<\/p>\n","protected":false},"excerpt":{"rendered":"<p>Alle Jahre wieder \u2026 &#8211; am dritten Donnerstag im M\u00e4rz hat an unserer Schule der internationale K\u00e4nguru-Wettbewerb der Mathematik stattgefunden. Allein in Deutschland waren \u00fcber 11.000 Schulen mit mehr als 800.000 Teilnehmern beteiligt. Weltweit waren es sogar \u00fcber sechs Millionen Teilnehmer in mehr als 60 L\u00e4ndern! Damit ist der K\u00e4nguru-Wettbewerb der gr\u00f6\u00dfte Mathematik-Wettbewerb weltweit. An [&hellip;]<\/p>\n","protected":false},"author":14,"featured_media":0,"comment_status":"closed","ping_status":"closed","sticky":false,"template":"","format":"standard","meta":{"ngg_post_thumbnail":0,"footnotes":""},"categories":[19],"tags":[],"class_list":["post-17718","post","type-post","status-publish","format-standard","hentry","category-mint"],"_links":{"self":[{"href":"https:\/\/www.maria-koenigin.de\/index.php?rest_route=\/wp\/v2\/posts\/17718","targetHints":{"allow":["GET"]}}],"collection":[{"href":"https:\/\/www.maria-koenigin.de\/index.php?rest_route=\/wp\/v2\/posts"}],"about":[{"href":"https:\/\/www.maria-koenigin.de\/index.php?rest_route=\/wp\/v2\/types\/post"}],"author":[{"embeddable":true,"href":"https:\/\/www.maria-koenigin.de\/index.php?rest_route=\/wp\/v2\/users\/14"}],"replies":[{"embeddable":true,"href":"https:\/\/www.maria-koenigin.de\/index.php?rest_route=%2Fwp%2Fv2%2Fcomments&post=17718"}],"version-history":[{"count":1,"href":"https:\/\/www.maria-koenigin.de\/index.php?rest_route=\/wp\/v2\/posts\/17718\/revisions"}],"predecessor-version":[{"id":17721,"href":"https:\/\/www.maria-koenigin.de\/index.php?rest_route=\/wp\/v2\/posts\/17718\/revisions\/17721"}],"wp:attachment":[{"href":"https:\/\/www.maria-koenigin.de\/index.php?rest_route=%2Fwp%2Fv2%2Fmedia&parent=17718"}],"wp:term":[{"taxonomy":"category","embeddable":true,"href":"https:\/\/www.maria-koenigin.de\/index.php?rest_route=%2Fwp%2Fv2%2Fcategories&post=17718"},{"taxonomy":"post_tag","embeddable":true,"href":"https:\/\/www.maria-koenigin.de\/index.php?rest_route=%2Fwp%2Fv2%2Ftags&post=17718"}],"curies":[{"name":"wp","href":"https:\/\/api.w.org\/{rel}","templated":true}]}}