{"id":17725,"date":"2026-05-02T10:09:01","date_gmt":"2026-05-02T08:09:01","guid":{"rendered":"https:\/\/www.maria-koenigin.de\/?p=17725"},"modified":"2026-05-02T10:09:33","modified_gmt":"2026-05-02T08:09:33","slug":"wir-feiern-das-lesen-mit-der-buchhandlung-hamm","status":"publish","type":"post","link":"https:\/\/www.maria-koenigin.de\/?p=17725","title":{"rendered":"Wir feiern das Lesen mit der Buchhandlung Hamm"},"content":{"rendered":"<p style=\"text-align: justify;\"><img loading=\"lazy\" decoding=\"async\" class=\"alignright wp-image-17726 size-full\" src=\"http:\/\/www.maria-koenigin.de\/wordpress\/wp-content\/uploads\/2026\/05\/WelttagBuch1.jpg\" alt=\"\" width=\"640\" height=\"445\" srcset=\"https:\/\/www.maria-koenigin.de\/wordpress\/wp-content\/uploads\/2026\/05\/WelttagBuch1.jpg 640w, https:\/\/www.maria-koenigin.de\/wordpress\/wp-content\/uploads\/2026\/05\/WelttagBuch1-300x209.jpg 300w, https:\/\/www.maria-koenigin.de\/wordpress\/wp-content\/uploads\/2026\/05\/WelttagBuch1-624x434.jpg 624w\" sizes=\"auto, (max-width: 640px) 100vw, 640px\" \/>\u201eLesen ist f\u00fcr den Geist, was Bewegung f\u00fcr den K\u00f6rper ist.\u201c (Joseph Addison) Wie wertvoll Lesen sein kann, durften unsere Sch\u00fcler der Jahrgangsstufe 5 k\u00fcrzlich ganz unmittelbar erleben: Frau Schnell aus der Buchhandlung Hamm in Altenhundem war zu Gast an unserer Schule und nahm die Kinder mit auf eine spannende Reise in die Welt der B\u00fccher.<\/p>\n<p style=\"text-align: justify;\">Ein besonderes Highlight war das Vorlesen aus dem diesj\u00e4hrigen Welttagsbuch \u201eDer fliegende Klassenscooter\u201c von Andreas H\u00fcging und Angelika Niestrath, illustriert von Timo Grubing. In der Geschichte geht es um Lisa, Orhan und Dennis, die sich selbst als \u201eNaWi-Nieten\u201c sehen, da ihnen naturwissenschaftliche F\u00e4cher nicht liegen. Doch eine ungew\u00f6hnliche Hausaufgabe bringt sie dazu, selbst kreativ zu werden und eine Erfindung zu entwickeln. <!--more--><img loading=\"lazy\" decoding=\"async\" class=\"alignright wp-image-17727 size-full\" src=\"http:\/\/www.maria-koenigin.de\/wordpress\/wp-content\/uploads\/2026\/05\/WelttagBuch2.jpg\" alt=\"\" width=\"640\" height=\"942\" srcset=\"https:\/\/www.maria-koenigin.de\/wordpress\/wp-content\/uploads\/2026\/05\/WelttagBuch2.jpg 640w, https:\/\/www.maria-koenigin.de\/wordpress\/wp-content\/uploads\/2026\/05\/WelttagBuch2-204x300.jpg 204w, https:\/\/www.maria-koenigin.de\/wordpress\/wp-content\/uploads\/2026\/05\/WelttagBuch2-624x918.jpg 624w\" sizes=\"auto, (max-width: 640px) 100vw, 640px\" \/>Bei einem Besuch in einem Zukunftsmuseum geraten sie sogar in das Jahr 2176 und begegnen dort ihrer eigenen Idee. Die Geschichte zeigt auf unterhaltsame Weise, dass oft mehr in einem steckt, als man zun\u00e4chst glaubt, und dass Neugier und Mut neue Wege er\u00f6ffnen k\u00f6nnen.<\/p>\n<p style=\"text-align: justify;\">Gebannt lauschten unsere Sch\u00fcler der Geschichte. Solche Erlebnisse machen deutlich, wie wichtig es ist, die Lesekompetenz der Sch\u00fcler zu f\u00f6rdern, denn: Lesen er\u00f6ffnet neue Welten, st\u00e4rkt die Fantasie und ist eine grundlegende F\u00e4higkeit f\u00fcr den schulischen und pers\u00f6nlichen Erfolg.<\/p>\n<p style=\"text-align: justify;\"><img loading=\"lazy\" decoding=\"async\" class=\"alignright wp-image-17728 size-full\" src=\"http:\/\/www.maria-koenigin.de\/wordpress\/wp-content\/uploads\/2026\/05\/WelttagBuch3.jpg\" alt=\"\" width=\"640\" height=\"444\" srcset=\"https:\/\/www.maria-koenigin.de\/wordpress\/wp-content\/uploads\/2026\/05\/WelttagBuch3.jpg 640w, https:\/\/www.maria-koenigin.de\/wordpress\/wp-content\/uploads\/2026\/05\/WelttagBuch3-300x208.jpg 300w, https:\/\/www.maria-koenigin.de\/wordpress\/wp-content\/uploads\/2026\/05\/WelttagBuch3-624x433.jpg 624w\" sizes=\"auto, (max-width: 640px) 100vw, 640px\" \/>Der Besuch fand im Rahmen der Buch-Gutschein-Aktion \u201eIch schenk dir eine Geschichte\u201c statt, einer deutschlandweiten Kampagne zur Lesef\u00f6rderung rund um den UNESCO-Welttag des Buches am 23. April. Dabei erhalten Sch\u00fcler der 4. und 5. Klassen bundesweit ein eigens f\u00fcr diesen Tag geschriebenes Buchgeschenk von den teilnehmenden Buchhandlungen vor Ort. Ziel ist es, Kindern die Freude am Lesen n\u00e4herzubringen und sie nachhaltig f\u00fcr B\u00fccher zu begeistern.<\/p>\n<p style=\"text-align: justify;\">Ein herzliches Dankesch\u00f6n gilt Frau Schnell f\u00fcr ihren Besuch, ihre liebevolle Art und ihre kontinuierliche Unterst\u00fctzung. Wir freuen uns sehr \u00fcber dieses Engagement und die bereichernde Zusammenarbeit! Weitere Informationen dazu finden Sie unter: \u00a0 \u00a0<a href=\"https:\/\/www.welttag-des-buches.de\">https:\/\/www.welttag-des-buches.de<\/a> und <a href=\"https:\/\/buecher-hamm.buchkatalog.de\">https:\/\/buecher-hamm.buchkatalog.de<\/a><\/p>\n<p><em>Hanna Reuber<\/em><\/p>\n","protected":false},"excerpt":{"rendered":"<p>\u201eLesen ist f\u00fcr den Geist, was Bewegung f\u00fcr den K\u00f6rper ist.\u201c (Joseph Addison) Wie wertvoll Lesen sein kann, durften unsere Sch\u00fcler der Jahrgangsstufe 5 k\u00fcrzlich ganz unmittelbar erleben: Frau Schnell aus der Buchhandlung Hamm in Altenhundem war zu Gast an unserer Schule und nahm die Kinder mit auf eine spannende Reise in die Welt der [&hellip;]<\/p>\n","protected":false},"author":7,"featured_media":0,"comment_status":"closed","ping_status":"closed","sticky":false,"template":"","format":"standard","meta":{"ngg_post_thumbnail":0,"footnotes":""},"categories":[4],"tags":[],"class_list":["post-17725","post","type-post","status-publish","format-standard","hentry","category-aktuelles"],"_links":{"self":[{"href":"https:\/\/www.maria-koenigin.de\/index.php?rest_route=\/wp\/v2\/posts\/17725","targetHints":{"allow":["GET"]}}],"collection":[{"href":"https:\/\/www.maria-koenigin.de\/index.php?rest_route=\/wp\/v2\/posts"}],"about":[{"href":"https:\/\/www.maria-koenigin.de\/index.php?rest_route=\/wp\/v2\/types\/post"}],"author":[{"embeddable":true,"href":"https:\/\/www.maria-koenigin.de\/index.php?rest_route=\/wp\/v2\/users\/7"}],"replies":[{"embeddable":true,"href":"https:\/\/www.maria-koenigin.de\/index.php?rest_route=%2Fwp%2Fv2%2Fcomments&post=17725"}],"version-history":[{"count":2,"href":"https:\/\/www.maria-koenigin.de\/index.php?rest_route=\/wp\/v2\/posts\/17725\/revisions"}],"predecessor-version":[{"id":17730,"href":"https:\/\/www.maria-koenigin.de\/index.php?rest_route=\/wp\/v2\/posts\/17725\/revisions\/17730"}],"wp:attachment":[{"href":"https:\/\/www.maria-koenigin.de\/index.php?rest_route=%2Fwp%2Fv2%2Fmedia&parent=17725"}],"wp:term":[{"taxonomy":"category","embeddable":true,"href":"https:\/\/www.maria-koenigin.de\/index.php?rest_route=%2Fwp%2Fv2%2Fcategories&post=17725"},{"taxonomy":"post_tag","embeddable":true,"href":"https:\/\/www.maria-koenigin.de\/index.php?rest_route=%2Fwp%2Fv2%2Ftags&post=17725"}],"curies":[{"name":"wp","href":"https:\/\/api.w.org\/{rel}","templated":true}]}}